{"id":13110,"date":"2025-10-10T23:50:32","date_gmt":"2025-10-10T21:50:32","guid":{"rendered":"https:\/\/aleeknews.com\/4l33k5\/2025\/10\/10\/cruzarias-la-torre-eiffel-la-instalacion-de-un-puente-colgante-temporal-te-permitira-hacerlo\/"},"modified":"2025-10-24T18:18:46","modified_gmt":"2025-10-24T16:18:46","slug":"cruzarias-la-torre-eiffel-la-instalacion-de-un-puente-colgante-temporal-te-permitira-hacerlo","status":"publish","type":"post","link":"https:\/\/aleeknews.com\/4l33k5\/2025\/10\/10\/cruzarias-la-torre-eiffel-la-instalacion-de-un-puente-colgante-temporal-te-permitira-hacerlo\/","title":{"rendered":"\u00bfCruzar\u00edas la torre Eiffel?: la instalaci\u00f3n de un puente colgante temporal te permitir\u00e1 hacerlo"},"content":{"rendered":"<div>\n<div data-fusion-lazy-id=\"f0fQYcNoHQKSGL\">\n<div class>\n<p><a href=\"https:\/\/thetrustproject.org\/\"><img decoding=\"async\" src=\"https:\/\/www.elnuevodia.com\/pf\/resources\/v2\/icons\/trust-icon.svg?d=209\"><\/a><\/p>\n<div>\n<p>Servicio de noticias<\/p>\n<div>\n<p>Producido externamente por una organizaci\u00f3n que confiamos cumple con las normas period\u00edsticas.<\/p>\n<\/div>\n<\/div>\n<\/div>\n<div>\n<h2>Podr\u00e1s cruzar el monumento a pie, caminando sobre el vac\u00edo, a lo largo de un trayecto de unos cuarenta metros <\/h2>\n<div>\n<p>19 de febrero de 2025 &#8211; 1:56 PM<\/p>\n<\/div>\n<div>\n<p><b>Nota de archivo<\/b><\/p>\n<p>Esta historia fue publicada hace m\u00e1s de 7 meses.<\/p>\n<\/div>\n<\/div>\n<\/div>\n<div data-fusion-lazy-id=\"f0fIYaQF9GLV14D\">\n<div><picture><source media=\"(max-width: 375px)\" ><source media=\"(max-width: 767px)\" ><source media=\"(max-width: 1023px)\" ><source ><\/picture><figcaption>La torre Eiffel es uno de los monumentos m\u00e1s emblem\u00e1ticos del mundo y en 2024 fue visitada por 6.3 millones de personas, seg\u00fan datos de la &#8220;Soci\u00e9t\u00e9<br \/>\nd&#8217;exploitation de la tour Eiffel&#8221;.  <span>(Michel Euler)<\/span><\/figcaption><\/div>\n<div>\n<p><span>Por <b><\/b><b>Agencia EFE<\/b><\/span><\/p>\n<p><span>Agencia de Noticias<\/span><\/p>\n<\/div>\n<div>\n<p><b>Par\u00eds \u2014<\/b> La <a href=\"https:\/\/www.elnuevodia.com\/topicos\/torre-eiffel\/\" target=\"_blank\" rel title=\"https:\/\/www.elnuevodia.com\/topicos\/torre-eiffel\/\"><b>torre Eiffel<\/b><\/a> instalar\u00e1 de manera temporal un <b>puente colgante a sesenta metros de altura que los visitantes podr\u00e1n disfrutar de manera gratuita hasta el pr\u00f3ximo 9 de marzo<\/b>, inform\u00f3 la sociedad que controla la explotaci\u00f3n del emblem\u00e1tico monumento parisino. <\/p>\n<\/div>\n<\/div>\n<section>\n<header><span>Popular en la Comunidad<\/span><\/header>\n<\/section>\n<\/div>\n\n    <div class=\"xs_social_share_widget xs_share_url after_content \t\tmain_content  wslu-style-1 wslu-share-box-shaped wslu-fill-colored wslu-none wslu-share-horizontal wslu-theme-font-no wslu-main_content\">\n\n\t\t\n        <ul>\n\t\t\t        <\/ul>\n    <\/div> \n","protected":false},"excerpt":{"rendered":"<p>Servicio de noticias Producido externamente por una organizaci\u00f3n que confiamos cumple con las normas period\u00edsticas. Podr\u00e1s cruzar el monumento a pie, caminando sobre el vac\u00edo, a lo largo de un trayecto de unos cuarenta metros 19 de febrero de 2025 &#8211; 1:56 PM Nota de archivo Esta historia fue publicada hace m\u00e1s de 7 meses.<\/p>\n","protected":false},"author":2,"featured_media":13111,"comment_status":"closed","ping_status":"open","sticky":false,"template":"","format":"standard","meta":{"om_disable_all_campaigns":false,"_monsterinsights_skip_tracking":false,"_monsterinsights_sitenote_active":false,"_monsterinsights_sitenote_note":"","_monsterinsights_sitenote_category":0,"footnotes":""},"categories":[10],"tags":[45],"class_list":["post-13110","post","type-post","status-publish","format-standard","has-post-thumbnail","hentry","category-mundo","tag-mundo"],"aioseo_notices":[],"_links":{"self":[{"href":"https:\/\/aleeknews.com\/4l33k5\/wp-json\/wp\/v2\/posts\/13110","targetHints":{"allow":["GET"]}}],"collection":[{"href":"https:\/\/aleeknews.com\/4l33k5\/wp-json\/wp\/v2\/posts"}],"about":[{"href":"https:\/\/aleeknews.com\/4l33k5\/wp-json\/wp\/v2\/types\/post"}],"author":[{"embeddable":true,"href":"https:\/\/aleeknews.com\/4l33k5\/wp-json\/wp\/v2\/users\/2"}],"replies":[{"embeddable":true,"href":"https:\/\/aleeknews.com\/4l33k5\/wp-json\/wp\/v2\/comments?post=13110"}],"version-history":[{"count":1,"href":"https:\/\/aleeknews.com\/4l33k5\/wp-json\/wp\/v2\/posts\/13110\/revisions"}],"predecessor-version":[{"id":13814,"href":"https:\/\/aleeknews.com\/4l33k5\/wp-json\/wp\/v2\/posts\/13110\/revisions\/13814"}],"wp:featuredmedia":[{"embeddable":true,"href":"https:\/\/aleeknews.com\/4l33k5\/wp-json\/wp\/v2\/media\/13111"}],"wp:attachment":[{"href":"https:\/\/aleeknews.com\/4l33k5\/wp-json\/wp\/v2\/media?parent=13110"}],"wp:term":[{"taxonomy":"category","embeddable":true,"href":"https:\/\/aleeknews.com\/4l33k5\/wp-json\/wp\/v2\/categories?post=13110"},{"taxonomy":"post_tag","embeddable":true,"href":"https:\/\/aleeknews.com\/4l33k5\/wp-json\/wp\/v2\/tags?post=13110"}],"curies":[{"name":"wp","href":"https:\/\/api.w.org\/{rel}","templated":true}]}}