{"id":13057,"date":"2025-10-09T22:49:14","date_gmt":"2025-10-09T20:49:14","guid":{"rendered":"https:\/\/aleeknews.com\/4l33k5\/2025\/10\/09\/ejercito-israeli-prepara-defensas-solidas-se-alista-para-cualquier-escenario-en-la-franja-de-gaza\/"},"modified":"2025-10-24T18:18:10","modified_gmt":"2025-10-24T16:18:10","slug":"ejercito-israeli-prepara-defensas-solidas-se-alista-para-cualquier-escenario-en-la-franja-de-gaza","status":"publish","type":"post","link":"https:\/\/aleeknews.com\/4l33k5\/2025\/10\/09\/ejercito-israeli-prepara-defensas-solidas-se-alista-para-cualquier-escenario-en-la-franja-de-gaza\/","title":{"rendered":"Ej\u00e9rcito israel\u00ed prepara \u201cdefensas s\u00f3lidas\u201d: se alista para cualquier escenario en la Franja de Gaza"},"content":{"rendered":"<div>\n<p><b>Jerusal\u00e9n<\/b> &#8211; El jefe del <a href=\"https:\/\/www.elnuevodia.com\/topicos\/israel\/\" target=\"_self\" rel title=\"https:\/\/www.elnuevodia.com\/topicos\/israel\/\"><b>Estado Mayor de Israel<\/b><\/a>, <b>Eyal Zamir<\/b>, orden\u00f3 en la madrugada de este jueves al Ej\u00e9rcito que prepare \u201cdefensas s\u00f3lidas\u201d y est\u00e9 listo para cualquier escenario de cara a la aplicaci\u00f3n del alto el fuego pactado entre el <a href=\"https:\/\/www.elnuevodia.com\/topicos\/hamas\/\" target=\"_self\" rel title=\"https:\/\/www.elnuevodia.com\/topicos\/hamas\/\"><b>grupo islamista Hamas e Israel<\/b><\/a><b> <\/b>esta noche.<\/p>\n<p><b>\u201cDurante una evaluaci\u00f3n de la situaci\u00f3n realizada durante la noche, el Jefe del Estado Mayor orden\u00f3 a todas las fuerzas, tanto en el frente como en la retaguardia, que prepararan defensas s\u00f3lidas y estuvieran listas para cualquier escenario\u201d,<\/b> recogi\u00f3 un comunicado de las fuerzas armadas.<\/p>\n<p>Zamir tambi\u00e9n orden\u00f3 a las fuerzas armadas que se preparen para el proceso para retornar los 48 rehenes a\u00fan cautivos en Gaza a territorio israel\u00ed. Seg\u00fan las autoridades nacionales, unos 20 siguen con vida.<\/p>\n<p><b>El Ej\u00e9rcito mantendr\u00e1 sus fuerzas desplegadas \u201cde acuerdo con las directrices del estamento pol\u00edtico y las etapas del acuerdo\u201d, recoge el comunicado.<\/b><\/p>\n<p><b>La propuesta de tregua del presidente de Estados Unidos, <\/b><a href=\"https:\/\/www.elnuevodia.com\/topicos\/donald-trump\/\" target=\"_self\" rel title=\"https:\/\/www.elnuevodia.com\/topicos\/donald-trump\/\"><b>Donald Trump<\/b><\/a><b>, recoge que el Ej\u00e9rcito israel\u00ed deber\u00e1 hacer una primera retirada de Gaza hasta la \u201cl\u00ednea amarilla\u201d para permitir a Ham\u00e1s localizar a los cautivos, seg\u00fan el diario israel\u00ed Haaretz.<\/b><\/p>\n<p>Esta l\u00ednea amarilla permitir\u00eda al Ej\u00e9rcito seguir en Gaza en un per\u00edmetro con una profundidad de entre 1,5 kil\u00f3metros (en su zona m\u00e1s estrecha) y 6,5 (en la m\u00e1s amplia) desde la frontera entre Israel y la Franja. Las tropas continuar\u00edan en cerca de la mitad del territorio gazat\u00ed.<\/p>\n<p>A cambio de la liberaci\u00f3n de los rehenes que se producir\u00e1 el lunes, seg\u00fan Trump, Israel deber\u00e1 liberar a unos 1,950 prisioneros palestinos. De ellos, unos 250 ser\u00e1n condenados a cadenas perpetuas en c\u00e1rceles israel\u00edes, mientras que 1,700 ser\u00e1n personas que fueron detenidas en Gaza durante la ofensiva.<\/p>\n<p><b>La oficina del primer ministro israel\u00ed, Benjam\u00edn Netanyahu, anunci\u00f3 que su Gobierno ratificar\u00e1 el acuerdo este mismo jueves.<\/b><\/p>\n<\/div>\n\n    <div class=\"xs_social_share_widget xs_share_url after_content \t\tmain_content  wslu-style-1 wslu-share-box-shaped wslu-fill-colored wslu-none wslu-share-horizontal wslu-theme-font-no wslu-main_content\">\n\n\t\t\n        <ul>\n\t\t\t        <\/ul>\n    <\/div> \n","protected":false},"excerpt":{"rendered":"<p>Jerusal\u00e9n &#8211; El jefe del Estado Mayor de Israel , Eyal Zamir, orden\u00f3 en la madrugada de este jueves al Ej\u00e9rcito que prepare \u201cdefensas s\u00f3lidas\u201d y est\u00e9 listo para cualquier escenario de cara a la aplicaci\u00f3n del alto el fuego pactado entre el grupo islamista Hamas e Israel esta noche. \u201cDurante una evaluaci\u00f3n de la<\/p>\n","protected":false},"author":2,"featured_media":13058,"comment_status":"closed","ping_status":"open","sticky":false,"template":"","format":"standard","meta":{"om_disable_all_campaigns":false,"_monsterinsights_skip_tracking":false,"_monsterinsights_sitenote_active":false,"_monsterinsights_sitenote_note":"","_monsterinsights_sitenote_category":0,"footnotes":""},"categories":[10],"tags":[45],"class_list":["post-13057","post","type-post","status-publish","format-standard","has-post-thumbnail","hentry","category-mundo","tag-mundo"],"aioseo_notices":[],"_links":{"self":[{"href":"https:\/\/aleeknews.com\/4l33k5\/wp-json\/wp\/v2\/posts\/13057","targetHints":{"allow":["GET"]}}],"collection":[{"href":"https:\/\/aleeknews.com\/4l33k5\/wp-json\/wp\/v2\/posts"}],"about":[{"href":"https:\/\/aleeknews.com\/4l33k5\/wp-json\/wp\/v2\/types\/post"}],"author":[{"embeddable":true,"href":"https:\/\/aleeknews.com\/4l33k5\/wp-json\/wp\/v2\/users\/2"}],"replies":[{"embeddable":true,"href":"https:\/\/aleeknews.com\/4l33k5\/wp-json\/wp\/v2\/comments?post=13057"}],"version-history":[{"count":1,"href":"https:\/\/aleeknews.com\/4l33k5\/wp-json\/wp\/v2\/posts\/13057\/revisions"}],"predecessor-version":[{"id":13823,"href":"https:\/\/aleeknews.com\/4l33k5\/wp-json\/wp\/v2\/posts\/13057\/revisions\/13823"}],"wp:featuredmedia":[{"embeddable":true,"href":"https:\/\/aleeknews.com\/4l33k5\/wp-json\/wp\/v2\/media\/13058"}],"wp:attachment":[{"href":"https:\/\/aleeknews.com\/4l33k5\/wp-json\/wp\/v2\/media?parent=13057"}],"wp:term":[{"taxonomy":"category","embeddable":true,"href":"https:\/\/aleeknews.com\/4l33k5\/wp-json\/wp\/v2\/categories?post=13057"},{"taxonomy":"post_tag","embeddable":true,"href":"https:\/\/aleeknews.com\/4l33k5\/wp-json\/wp\/v2\/tags?post=13057"}],"curies":[{"name":"wp","href":"https:\/\/api.w.org\/{rel}","templated":true}]}}