{"id":13056,"date":"2025-10-09T22:49:15","date_gmt":"2025-10-09T20:49:15","guid":{"rendered":"https:\/\/aleeknews.com\/4l33k5\/2025\/10\/09\/cura-asesinado-por-nazis-sera-beatificado-2\/"},"modified":"2025-10-24T18:18:10","modified_gmt":"2025-10-24T16:18:10","slug":"cura-asesinado-por-nazis-sera-beatificado-2","status":"publish","type":"post","link":"https:\/\/aleeknews.com\/4l33k5\/2025\/10\/09\/cura-asesinado-por-nazis-sera-beatificado-2\/","title":{"rendered":"Cura asesinado por nazis ser\u00e1 beatificado"},"content":{"rendered":"<div>\n<div data-fusion-lazy-id=\"f0fQYcNoHQKSGL\">\n<div class>\n<p><a href=\"https:\/\/thetrustproject.org\/\"><img decoding=\"async\" src=\"https:\/\/www.elnuevodia.com\/pf\/resources\/v2\/icons\/trust-icon.svg?d=209\"><\/a><\/p>\n<div>\n<p>Se adhiere a los criterios de The Trust Project<\/p>\n<\/div>\n<\/div>\n<div>\n<h2>Al m\u00e1rtir cat\u00f3lico se le atribuyen milagros, seg\u00fan el Vaticano<\/p>\n<\/h2>\n<div>\n<p>10 de diciembre de 2010 &#8211; 10:14 AM<\/p>\n<\/div>\n<div>\n<p><b>Nota de archivo<\/b><\/p>\n<p>Esta historia fue publicada hace m\u00e1s de 15 a\u00f1os.<\/p>\n<\/div>\n<\/div>\n<\/div>\n<div data-fusion-lazy-id=\"f0fIYaQF9GLV14D\">\n<div><picture><source media=\"(max-width: 375px)\" ><source media=\"(max-width: 767px)\" ><source media=\"(max-width: 1023px)\" ><source ><img src=\"https:\/\/www.elnuevodia.com\/pf\/api\/v3\/content\/fetch\/image-resizer-v1?query=%7B%22website%22%3A%22el-nuevo-dia%22%2C%22imageUrl%22%3A%22https%3A%2F%2Fsandbox.elnuevodia.com%2Fresizer%2F2jKbdHLpEz1e6xcXJ_nKfq3QS2k%3D%2Farc-anglerfish-arc2-sandbox-sandbox-gfrmedia%2Fpublic%2F3U2W6UA6TFFTJF5GCFNFWLKNWA.png%22%2C%22width%22%3A829%2C%22redirect%22%3A%221%22%2C%22external%22%3A%221%22%7D\" alt loading=\"eager\" fetchpriority=\"high\" decoding=\"sync\"><\/picture><\/div>\n<div>\n<p>Ciudad del Vaticano &#8211; Un sacerdote alem\u00e1n asesinado en el campo de concentraci\u00f3n nazi de Dachau (Alemania) y una monja brasile\u00f1a y otra portuguesa ser\u00e1n beatificadas, tras reconocer hoy el Papa el martirio del cura y sendos milagros por intercesi\u00f3n de las religiosas, inform\u00f3 el Vaticano.<\/p>\n<\/div>\n<\/div>\n<section>\n<header><span>Popular en la Comunidad<\/span><\/header>\n<\/section>\n<\/div>\n\n    <div class=\"xs_social_share_widget xs_share_url after_content \t\tmain_content  wslu-style-1 wslu-share-box-shaped wslu-fill-colored wslu-none wslu-share-horizontal wslu-theme-font-no wslu-main_content\">\n\n\t\t\n        <ul>\n\t\t\t        <\/ul>\n    <\/div> \n","protected":false},"excerpt":{"rendered":"<p>Se adhiere a los criterios de The Trust Project Al m\u00e1rtir cat\u00f3lico se le atribuyen milagros, seg\u00fan el Vaticano 10 de diciembre de 2010 &#8211; 10:14 AM Nota de archivo Esta historia fue publicada hace m\u00e1s de 15 a\u00f1os. Ciudad del Vaticano &#8211; Un sacerdote alem\u00e1n asesinado en el campo de concentraci\u00f3n nazi de Dachau<\/p>\n","protected":false},"author":2,"featured_media":0,"comment_status":"closed","ping_status":"open","sticky":false,"template":"","format":"standard","meta":{"om_disable_all_campaigns":false,"_monsterinsights_skip_tracking":false,"_monsterinsights_sitenote_active":false,"_monsterinsights_sitenote_note":"","_monsterinsights_sitenote_category":0,"footnotes":""},"categories":[10],"tags":[45],"class_list":["post-13056","post","type-post","status-publish","format-standard","hentry","category-mundo","tag-mundo"],"aioseo_notices":[],"_links":{"self":[{"href":"https:\/\/aleeknews.com\/4l33k5\/wp-json\/wp\/v2\/posts\/13056","targetHints":{"allow":["GET"]}}],"collection":[{"href":"https:\/\/aleeknews.com\/4l33k5\/wp-json\/wp\/v2\/posts"}],"about":[{"href":"https:\/\/aleeknews.com\/4l33k5\/wp-json\/wp\/v2\/types\/post"}],"author":[{"embeddable":true,"href":"https:\/\/aleeknews.com\/4l33k5\/wp-json\/wp\/v2\/users\/2"}],"replies":[{"embeddable":true,"href":"https:\/\/aleeknews.com\/4l33k5\/wp-json\/wp\/v2\/comments?post=13056"}],"version-history":[{"count":1,"href":"https:\/\/aleeknews.com\/4l33k5\/wp-json\/wp\/v2\/posts\/13056\/revisions"}],"predecessor-version":[{"id":13822,"href":"https:\/\/aleeknews.com\/4l33k5\/wp-json\/wp\/v2\/posts\/13056\/revisions\/13822"}],"wp:attachment":[{"href":"https:\/\/aleeknews.com\/4l33k5\/wp-json\/wp\/v2\/media?parent=13056"}],"wp:term":[{"taxonomy":"category","embeddable":true,"href":"https:\/\/aleeknews.com\/4l33k5\/wp-json\/wp\/v2\/categories?post=13056"},{"taxonomy":"post_tag","embeddable":true,"href":"https:\/\/aleeknews.com\/4l33k5\/wp-json\/wp\/v2\/tags?post=13056"}],"curies":[{"name":"wp","href":"https:\/\/api.w.org\/{rel}","templated":true}]}}