{"id":13055,"date":"2025-10-09T22:49:16","date_gmt":"2025-10-09T20:49:16","guid":{"rendered":"https:\/\/aleeknews.com\/4l33k5\/2025\/10\/09\/el-papa-se-reune-con-lideres-sindicales-de-chicago-e-insta-a-acoger-a-los-migrantes-2\/"},"modified":"2025-10-24T18:18:10","modified_gmt":"2025-10-24T16:18:10","slug":"el-papa-se-reune-con-lideres-sindicales-de-chicago-e-insta-a-acoger-a-los-migrantes-2","status":"publish","type":"post","link":"https:\/\/aleeknews.com\/4l33k5\/2025\/10\/09\/el-papa-se-reune-con-lideres-sindicales-de-chicago-e-insta-a-acoger-a-los-migrantes-2\/","title":{"rendered":"El Papa se re\u00fane con l\u00edderes sindicales de Chicago e insta a acoger a los migrantes"},"content":{"rendered":"<div>\n<p>El <a href=\"https:\/\/www.elnuevodia.com\/topicos\/papa-leon-xiv\/\" target=\"_blank\" rel=\"noreferrer\" title=\"https:\/\/www.elnuevodia.com\/topicos\/papa-leon-xiv\/\"><b>papa Le\u00f3n XIV<\/b><\/a> inst\u00f3 el jueves a los l\u00edderes sindicales de <a href=\"https:\/\/www.elnuevodia.com\/topicos\/chicago\/\" target=\"_blank\" rel=\"noreferrer\" title=\"https:\/\/www.elnuevodia.com\/topicos\/chicago\/\"><b>Chicago<\/b><\/a> a defender a los <a href=\"https:\/\/www.elnuevodia.com\/topicos\/inmigrantes\/\" target=\"_blank\" rel=\"noreferrer\" title=\"https:\/\/www.elnuevodia.com\/topicos\/inmigrantes\/\"><b>inmigrantes<\/b><\/a> y a acoger a las minor\u00edas en sus filas, pronunci\u00e1ndose mientras el gobierno de <a href=\"https:\/\/www.elnuevodia.com\/topicos\/donald-trump\/\" target=\"_blank\" rel=\"noreferrer\" title=\"https:\/\/www.elnuevodia.com\/topicos\/donald-trump\/\"><b>Donald Trump<\/b><\/a> intensifica la represi\u00f3n contra los inmigrantes en la ciudad natal del pont\u00edfice.<\/p>\n<p><b>\u201cSi bien reconozco que son necesarias pol\u00edticas apropiadas para mantener la seguridad de las comunidades, los animo a que sigan abogando para que la sociedad respete la dignidad humana de los m\u00e1s vulnerables\u201d<\/b>, dijo Le\u00f3n XIV.<\/p>\n<p>La audiencia fue programada antes del despliegue de tropas de la Guardia Nacional para proteger la propiedad federal en el \u00e1rea de Chicago, incluyendo un edificio del <a href=\"https:\/\/www.elnuevodia.com\/topicos\/servicio-de-inmigracion-y-control-de-aduanas\/\" target=\"_blank\" rel=\"noreferrer\" title=\"https:\/\/www.elnuevodia.com\/topicos\/servicio-de-inmigracion-y-control-de-aduanas\/\"><b>Servicio de Inmigraci\u00f3n y Control de Aduanas<\/b><\/a> de Estados Unidos que ha sido el sitio de enfrentamientos ocasionales entre manifestantes y agentes federales.<\/p>\n<p>El cardenal de Chicago, <b>Blase Cupich<\/b>, quien acompa\u00f1\u00f3 a los l\u00edderes sindicales, dijo que Le\u00f3n XIV era muy consciente de la situaci\u00f3n sobre el terreno. En una entrevista con The Associated Press, Cupich dijo que Le\u00f3n XIV ha dejado claro, incluso en comentarios recientes, que <b>los migrantes y los pobres deben ser tratados de manera que se respete su dignidad humana.<\/b><\/p>\n<p><b>\u201cRealmente no tuve que decirle mucho, porque parec\u00eda tener una idea de lo que estaba pasando\u201d<\/b>, dijo Cupich a la AP despu\u00e9s.<\/p>\n<p>Dijo que Le\u00f3n XIV hab\u00eda instado a los obispos de Estados Unidos en particular a \u201chablar con una sola voz\u201d sobre el tema. Cupich dijo que esperaba que la reuni\u00f3n de noviembre de la Conferencia de Obispos Cat\u00f3licos de Estados Unidos convirtiera la inmigraci\u00f3n en un tema prioritario.<\/p>\n<p>\u201cEsto tiene que estar al frente y al centro en este momento. Este es el tema del d\u00eda. Y no podemos andar con rodeos\u201d, dijo Cupich.<\/p>\n<p>Los l\u00edderes cat\u00f3licos en Estados Unidos han denunciado la represi\u00f3n del gobierno de Donald Trump, que ha separado a familias e incitado temores de que las personas puedan ser arrestadas y deportadas en cualquier momento. El gobierno ha defendido la represi\u00f3n como una salvaguarda de la seguridad p\u00fablica y la seguridad nacional.<\/p>\n<p>\u201c\u00c9l (Le\u00f3n XIV) quiere que nos aseguremos, como obispos, de que hablemos en nombre de los indocumentados o de cualquier persona que sea vulnerable para preservar su dignidad\u201d, dijo Cupich. \u201cTodos tenemos que recordar que todos compartimos una dignidad com\u00fan como seres humanos\u201d.<\/p>\n<p>Cupich dijo que se sinti\u00f3 alentado por las declaraciones de Le\u00f3n XIV la semana pasada, en las que el papa defendi\u00f3 la decisi\u00f3n del cardenal de honrar al senador de Illinois Dick Durbin por su trabajo ayudando a los inmigrantes. Los planes provocaron la objeci\u00f3n de algunos obispos conservadores de Estados Unidos dado el apoyo del poderoso senador dem\u00f3crata al derecho al aborto, y finalmente rechaz\u00f3 el premio.<\/p>\n<p>Fue la segunda reuni\u00f3n en dos d\u00edas en la que el primer papa estadounidense de la historia escuch\u00f3 de primera mano a un obispo estadounidense en la primera l\u00ednea de la represi\u00f3n migratoria. El mi\u00e9rcoles, el obispo de El Paso, Mark Seitz, llev\u00f3 a Le\u00f3n XIV cartas de familias inmigrantes desesperadas.<\/p>\n<p>Cupich estuvo en Roma para reuniones del Vaticano y tambi\u00e9n para acompa\u00f1ar a un grupo de escolares de Chicago que recibieron un saludo especial de Le\u00f3n XIV durante su audiencia general del mi\u00e9rcoles. Los ni\u00f1os hab\u00edan organizado su propio \u201cc\u00f3nclave simulado\u201d en la escuela esta primavera y las im\u00e1genes de sus deliberaciones se volvieron virales en l\u00ednea cuando el c\u00f3nclave real se desarroll\u00f3 en Roma. Llegaron a la audiencia del mi\u00e9rcoles vestidos como cardenales, guardias suizos y el propio papa.<\/p>\n<\/div>\n\n    <div class=\"xs_social_share_widget xs_share_url after_content \t\tmain_content  wslu-style-1 wslu-share-box-shaped wslu-fill-colored wslu-none wslu-share-horizontal wslu-theme-font-no wslu-main_content\">\n\n\t\t\n        <ul>\n\t\t\t        <\/ul>\n    <\/div> \n","protected":false},"excerpt":{"rendered":"<p>El papa Le\u00f3n XIV inst\u00f3 el jueves a los l\u00edderes sindicales de Chicago a defender a los inmigrantes y a acoger a las minor\u00edas en sus filas, pronunci\u00e1ndose mientras el gobierno de Donald Trump intensifica la represi\u00f3n contra los inmigrantes en la ciudad natal del pont\u00edfice. \u201cSi bien reconozco que son necesarias pol\u00edticas apropiadas para<\/p>\n","protected":false},"author":2,"featured_media":13053,"comment_status":"closed","ping_status":"open","sticky":false,"template":"","format":"standard","meta":{"om_disable_all_campaigns":false,"_monsterinsights_skip_tracking":false,"_monsterinsights_sitenote_active":false,"_monsterinsights_sitenote_note":"","_monsterinsights_sitenote_category":0,"footnotes":""},"categories":[10],"tags":[45],"class_list":["post-13055","post","type-post","status-publish","format-standard","has-post-thumbnail","hentry","category-mundo","tag-mundo"],"aioseo_notices":[],"_links":{"self":[{"href":"https:\/\/aleeknews.com\/4l33k5\/wp-json\/wp\/v2\/posts\/13055","targetHints":{"allow":["GET"]}}],"collection":[{"href":"https:\/\/aleeknews.com\/4l33k5\/wp-json\/wp\/v2\/posts"}],"about":[{"href":"https:\/\/aleeknews.com\/4l33k5\/wp-json\/wp\/v2\/types\/post"}],"author":[{"embeddable":true,"href":"https:\/\/aleeknews.com\/4l33k5\/wp-json\/wp\/v2\/users\/2"}],"replies":[{"embeddable":true,"href":"https:\/\/aleeknews.com\/4l33k5\/wp-json\/wp\/v2\/comments?post=13055"}],"version-history":[{"count":1,"href":"https:\/\/aleeknews.com\/4l33k5\/wp-json\/wp\/v2\/posts\/13055\/revisions"}],"predecessor-version":[{"id":13821,"href":"https:\/\/aleeknews.com\/4l33k5\/wp-json\/wp\/v2\/posts\/13055\/revisions\/13821"}],"wp:featuredmedia":[{"embeddable":true,"href":"https:\/\/aleeknews.com\/4l33k5\/wp-json\/wp\/v2\/media\/13053"}],"wp:attachment":[{"href":"https:\/\/aleeknews.com\/4l33k5\/wp-json\/wp\/v2\/media?parent=13055"}],"wp:term":[{"taxonomy":"category","embeddable":true,"href":"https:\/\/aleeknews.com\/4l33k5\/wp-json\/wp\/v2\/categories?post=13055"},{"taxonomy":"post_tag","embeddable":true,"href":"https:\/\/aleeknews.com\/4l33k5\/wp-json\/wp\/v2\/tags?post=13055"}],"curies":[{"name":"wp","href":"https:\/\/api.w.org\/{rel}","templated":true}]}}