{"id":13054,"date":"2025-10-09T22:49:17","date_gmt":"2025-10-09T20:49:17","guid":{"rendered":"https:\/\/aleeknews.com\/4l33k5\/2025\/10\/09\/descubren-retrato-desaparecido-de-legendaria-espia-durante-la-segunda-guerra-mundial-2\/"},"modified":"2025-10-24T18:18:10","modified_gmt":"2025-10-24T16:18:10","slug":"descubren-retrato-desaparecido-de-legendaria-espia-durante-la-segunda-guerra-mundial-2","status":"publish","type":"post","link":"https:\/\/aleeknews.com\/4l33k5\/2025\/10\/09\/descubren-retrato-desaparecido-de-legendaria-espia-durante-la-segunda-guerra-mundial-2\/","title":{"rendered":"Descubren retrato desaparecido de legendaria esp\u00eda durante la Segunda Guerra Mundial"},"content":{"rendered":"<div>\n<p>El retrato de Madame Kitty, la Mata Hari de los <a href=\"https:\/\/www.elnuevodia.com\/noticias\/locales\/notas\/sabias-que-fue-realmente-la-isla-de-mona-bombardeada-por-un-submarino-nazi-durante-la-segunda-guerra-mundial\/\" target=\"_blank\" rel=\"noreferrer\" title=\"https:\/\/www.elnuevodia.com\/noticias\/locales\/notas\/sabias-que-fue-realmente-la-isla-de-mona-bombardeada-por-un-submarino-nazi-durante-la-segunda-guerra-mundial\/\"><b>nazis<\/b><\/a> que cuidaba la casa de citas m\u00e1s famosa de Berl\u00edn bajo el <a href=\"https:\/\/www.elnuevodia.com\/estilos-de-vida\/familia\/notas\/moda-y-diseno-en-tiempos-del-tercer-reich\/\" target=\"_blank\" rel=\"noreferrer\" title=\"https:\/\/www.elnuevodia.com\/estilos-de-vida\/familia\/notas\/moda-y-diseno-en-tiempos-del-tercer-reich\/\"><b>Tercer Reich<\/b><\/a>, desaparecido durante mucho tiempo, fue hallado hace poco en la capital alemana y se present\u00f3 el jueves a la prensa. <\/p>\n<p>Instalado en el tercer piso de una elegante casa del centro, su sal\u00f3n era en realidad un verdadero centro de espionaje. <\/p>\n<p><b>\u201cEntre 1939 y 1942, diplom\u00e1ticos, periodistas extranjeros y altos dignatarios nazis eran espiados sin saberlo por las pupilas de Madame Kitty\u201d<\/b>, indic\u00f3 a AFP el nuevo propietario del cuadro, Urs Brunner, autor con Julia Schrammel del libro \u201cKitty\u2019s Salon\u201d. <\/p>\n<p>Estos dos austriacos que buscaban desde hace tiempo el retrato fueron recientemente contactados por una berlinesa que compr\u00f3 hace m\u00e1s de 25 a\u00f1os el cuadro en un anticuario sin saber su origen. <\/p>\n<p>\u201cGracias a fotos, sab\u00edamos que el cuadro exist\u00eda y que no estaba en manos de la familia. En la \u00e9poca, escrib\u00ed a todas las casas de subastas y a todos los anticuarios de Berl\u00edn. <\/p>\n<p>Haberlo encontrado es de gran importancia para nosotros. Solo hay unas cuantas fotos de Kitty, y todas son en blanco y negro&#8221;, se\u00f1al\u00f3 Schrammel. <\/p>\n<p><b>Pintora y coleccionista, la expropietaria cedi\u00f3 el cuadro a \u201cun precio muy razonable\u201d pues \u201ccomprende que no hacemos esto con fines comerciales\u201d<\/b>, agreg\u00f3 Brunner. <\/p>\n<p>Dijo que quiere donarlo a un museo. <\/p>\n<p>El cuadro sigue rodeado de misterios pues no tiene fecha y el nombre del pintor \u201cP. Fuchs\u201d es desconocido, subray\u00f3 Brunner, quien lo har\u00e1 analizar por expertos. <\/p>\n<p>En su retrato, Madame Kitty \u201cparece tener unos cuarenta a\u00f1os (&#8230;) pero se hac\u00eda siempre pasar por m\u00e1s joven de lo que era\u201d, agreg\u00f3. <\/p>\n<p>Brunner se\u00f1al\u00f3 que la cortesana \u201cno era una nazi convencida\u201d sino \u201cuna oportunista\u201d que se aprovechaba de las cosas. <\/p>\n<p>\u201cNo era miembro del NSDA y ten\u00eda relaciones amistosas con jud\u00edos\u201d, agreg\u00f3. <\/p>\n<p><b>Kitty muri\u00f3 en 1954 sin haber sido nunca perseguida por la justicia. <\/b><\/p>\n<\/div>\n\n    <div class=\"xs_social_share_widget xs_share_url after_content \t\tmain_content  wslu-style-1 wslu-share-box-shaped wslu-fill-colored wslu-none wslu-share-horizontal wslu-theme-font-no wslu-main_content\">\n\n\t\t\n        <ul>\n\t\t\t        <\/ul>\n    <\/div> \n","protected":false},"excerpt":{"rendered":"<p>El retrato de Madame Kitty, la Mata Hari de los nazis que cuidaba la casa de citas m\u00e1s famosa de Berl\u00edn bajo el Tercer Reich , desaparecido durante mucho tiempo, fue hallado hace poco en la capital alemana y se present\u00f3 el jueves a la prensa. Instalado en el tercer piso de una elegante casa<\/p>\n","protected":false},"author":2,"featured_media":13050,"comment_status":"closed","ping_status":"open","sticky":false,"template":"","format":"standard","meta":{"om_disable_all_campaigns":false,"_monsterinsights_skip_tracking":false,"_monsterinsights_sitenote_active":false,"_monsterinsights_sitenote_note":"","_monsterinsights_sitenote_category":0,"footnotes":""},"categories":[10],"tags":[45],"class_list":["post-13054","post","type-post","status-publish","format-standard","has-post-thumbnail","hentry","category-mundo","tag-mundo"],"aioseo_notices":[],"_links":{"self":[{"href":"https:\/\/aleeknews.com\/4l33k5\/wp-json\/wp\/v2\/posts\/13054","targetHints":{"allow":["GET"]}}],"collection":[{"href":"https:\/\/aleeknews.com\/4l33k5\/wp-json\/wp\/v2\/posts"}],"about":[{"href":"https:\/\/aleeknews.com\/4l33k5\/wp-json\/wp\/v2\/types\/post"}],"author":[{"embeddable":true,"href":"https:\/\/aleeknews.com\/4l33k5\/wp-json\/wp\/v2\/users\/2"}],"replies":[{"embeddable":true,"href":"https:\/\/aleeknews.com\/4l33k5\/wp-json\/wp\/v2\/comments?post=13054"}],"version-history":[{"count":1,"href":"https:\/\/aleeknews.com\/4l33k5\/wp-json\/wp\/v2\/posts\/13054\/revisions"}],"predecessor-version":[{"id":13820,"href":"https:\/\/aleeknews.com\/4l33k5\/wp-json\/wp\/v2\/posts\/13054\/revisions\/13820"}],"wp:featuredmedia":[{"embeddable":true,"href":"https:\/\/aleeknews.com\/4l33k5\/wp-json\/wp\/v2\/media\/13050"}],"wp:attachment":[{"href":"https:\/\/aleeknews.com\/4l33k5\/wp-json\/wp\/v2\/media?parent=13054"}],"wp:term":[{"taxonomy":"category","embeddable":true,"href":"https:\/\/aleeknews.com\/4l33k5\/wp-json\/wp\/v2\/categories?post=13054"},{"taxonomy":"post_tag","embeddable":true,"href":"https:\/\/aleeknews.com\/4l33k5\/wp-json\/wp\/v2\/tags?post=13054"}],"curies":[{"name":"wp","href":"https:\/\/api.w.org\/{rel}","templated":true}]}}