{"id":13011,"date":"2025-10-08T21:44:16","date_gmt":"2025-10-08T19:44:16","guid":{"rendered":"https:\/\/aleeknews.com\/4l33k5\/2025\/10\/08\/miles-se-manifiestan-a-favor-de-los-palestinos-en-el-segundo-aniversario-de-la-guerra\/"},"modified":"2025-10-24T18:18:11","modified_gmt":"2025-10-24T16:18:11","slug":"miles-se-manifiestan-a-favor-de-los-palestinos-en-el-segundo-aniversario-de-la-guerra","status":"publish","type":"post","link":"https:\/\/aleeknews.com\/4l33k5\/2025\/10\/08\/miles-se-manifiestan-a-favor-de-los-palestinos-en-el-segundo-aniversario-de-la-guerra\/","title":{"rendered":"Miles se manifiestan a favor de los palestinos en el segundo aniversario de la guerra"},"content":{"rendered":"<div>\n<p>Miles de personas se manifestaron el martes en varios pa\u00edses para condenar la <a href=\"https:\/\/www.elnuevodia.com\/topicos\/conflicto-palestino-israeli\/\" target=\"_blank\" rel=\"noreferrer\" title=\"https:\/\/www.elnuevodia.com\/topicos\/conflicto-palestino-israeli\/\"><b>guerra en Gaza<\/b><\/a>, en el segundo aniversario del ataque de Hamas en el sur de Israel que desencaden\u00f3 un conflicto que ha cobrado decenas de miles de vidas y ha extendido la violencia por diversas partes del Oriente Medio. <\/p>\n<p><b>M\u00e1s de 1,000 manifestantes propalestinos marcharon hacia la embajada de Estados Unidos en Yakarta, la capital indonesia, para denunciar el bloqueo de Gaza por parte de Israel y la detenci\u00f3n de activistas de la <\/b><a href=\"https:\/\/www.elnuevodia.com\/noticias\/mundo\/notas\/activistas-de-la-flotilla-que-se-dirigia-a-gaza-alegan-maltrato-durante-su-detencion-en-israel\/\" target=\"_blank\" rel=\"noreferrer\" title=\"https:\/\/www.elnuevodia.com\/noticias\/mundo\/notas\/activistas-de-la-flotilla-que-se-dirigia-a-gaza-alegan-maltrato-durante-su-detencion-en-israel\/\"><b>Flotilla Global Sumud<\/b><\/a><b> que intentaron romper el asedio la semana pasada. <\/b><\/p>\n<p>Con c\u00e1nticos de \u201cLiberen, liberen a Palestina\u201d y banderas ondeando en el aire, los manifestantes exigieron la liberaci\u00f3n de los activistas y condenaron la ofensiva militar israel\u00ed contra Gaza. <\/p>\n<p>Las autoridades de <a href=\"https:\/\/www.elnuevodia.com\/topicos\/indonesia\/\" target=\"_blank\" rel=\"noreferrer\" title=\"https:\/\/www.elnuevodia.com\/topicos\/indonesia\/\"><b>Indonesia<\/b><\/a>, la naci\u00f3n musulmana m\u00e1s poblada del mundo y que no tiene lazos formales con Israel, desplegaron a m\u00e1s de 1,000 polic\u00edas para proteger la embajada. <\/p>\n<p>El ataque de combatientes en el sur de Israel del 7 de octubre de 2023 dej\u00f3 unos 1,200 muertos, mientras que la ofensiva de represalia de Israel en Gaza ha provocado la muerte de m\u00e1s de 67,000 personas, ha destruido vastas \u00e1reas de la franja, ha desplazado a 90% de la poblaci\u00f3n de unos 2 millones de personas y ha causado una crisis humanitaria en la que, seg\u00fan expertos, la Ciudad de Gaza se encuentra en una situaci\u00f3n de hambruna. <\/p>\n<p>Las embajadas de Estados Unidos en toda <a href=\"https:\/\/www.elnuevodia.com\/topicos\/europa\/\" target=\"_blank\" rel=\"noreferrer\" title=\"https:\/\/www.elnuevodia.com\/topicos\/europa\/\"><b>Europa<\/b><\/a> advirtieron a los estadounidenses que se mantuvieran vigilantes en el aniversario de los ataques, alegando posibles amenazas y protestas. <\/p>\n<div>\n<p><b>1 \/ 31 | <\/b><span> FOTOS: Italianos protestan la guerra en Palestina. La protesta en Roma, hoy, s\u00e1bado 5 de octubre. Los partidarios de Palestina salieron a la calle en una marcha no autorizada en el centro de Roma, dos d\u00edas antes del primer aniversario de los atentados del 7 de octubre. (Foto AP\/Andrew Medichini)<\/span><i> &#8211; Andrew Medichini<\/i><\/p>\n<\/div>\n<p><b>En <\/b><a href=\"https:\/\/www.elnuevodia.com\/topicos\/japon\/\" target=\"_blank\" rel=\"noreferrer\" title=\"https:\/\/www.elnuevodia.com\/topicos\/japon\/\"><b>Jap\u00f3n<\/b><\/a><b>, cientos de manifestantes, incluidos palestinos, marcharon por el centro de Tokio exigiendo un alto el fuego en Gaza y la liberaci\u00f3n de cautivos.<\/b> Se llevaron a cabo protestas similares en Osaka y otras ciudades japonesas importantes. <\/p>\n<p>Lena Grace Suda, una residente de Tokio de 30 a\u00f1os que se uni\u00f3 a la manifestaci\u00f3n, pidi\u00f3 sanciones contra Israel. <\/p>\n<p>\u201cReconocer el Estado de Palestina no es suficiente si todav\u00eda eres c\u00f3mplice del genocidio\u201d, dijo. Un n\u00famero creciente de expertos, incluidos aquellos comisionados por un organismo de la ONU, han dicho que la ofensiva de Israel en Gaza equivale a genocidio, una acusaci\u00f3n que Israel rechaza. <\/p>\n<p>Tambi\u00e9n se realiz\u00f3 una vigilia propalestina a la luz de las velas en Taiw\u00e1n. <\/p>\n<p><b>Cientos de estudiantes y personal de universidades en Londres y otras partes del <\/b><a href=\"https:\/\/www.elnuevodia.com\/topicos\/reino-unido\/\" target=\"_blank\" rel=\"noreferrer\" title=\"https:\/\/www.elnuevodia.com\/topicos\/reino-unido\/\"><b>Reino Unido<\/b><\/a><b> se unieron a las manifestaciones para exigir el fin de la guerra en Gaza. <\/b><\/p>\n<p>El primer ministro brit\u00e1nico Keir Starmer hab\u00eda advertido a los manifestantes que marchar en el aniversario de los ataques del 7 de octubre era \u201cno brit\u00e1nico\u201d e irrespetuoso. <\/p>\n<p>Muchos de los que se manifestaban llevaban banderas y pancartas con lemas propalestinos. <\/p>\n<p>\u201cSi piensas que protestar por los derechos humanos de un grupo de personas es ofensivo para ti, entonces ese es tu problema\u201d, dijo Muhlisa Husainova, de 19 a\u00f1os. <\/p>\n<div>\n<p><b>1 \/ 9 | <\/b><span> En ruta a Gaza: veterana boricua forma parte de la Flota de la Libertad. La boricua Zuleyka Morales Rivera se dirige hacia Gaza a bordo de una embarcaci\u00f3n de veteranos de las Fuerzas Armadas estadounidenses.<\/span><i> &#8211; Suministrada<\/i><\/p>\n<\/div>\n<p><b>Mientras tanto, en <\/b><a href=\"https:\/\/www.elnuevodia.com\/topicos\/buenos-aires\/\" target=\"_blank\" rel=\"noreferrer\" title=\"https:\/\/www.elnuevodia.com\/topicos\/buenos-aires\/\"><b>Buenos Aires<\/b><\/a><b>, el presidente argentino <\/b><a href=\"https:\/\/www.elnuevodia.com\/topicos\/javier-milei\/\" target=\"_blank\" rel=\"noreferrer\" title=\"https:\/\/www.elnuevodia.com\/topicos\/javier-milei\/\"><b>Javier Milei<\/b><\/a><b>, un ferviente partidario de Israel, rindi\u00f3 homenaje a las v\u00edctimas del ataque de Hamas del 7 de octubre en un evento de campa\u00f1a que se sinti\u00f3 m\u00e1s como un concierto de rock.<\/b> Milei lider\u00f3 a una multitud de 15,000 personas cantando \u201cHava Nagila\u201d, la canci\u00f3n hebrea tradicionalmente tocada en celebraciones jud\u00edas. <\/p>\n<p>\u201cIsrael es el basti\u00f3n de Occidente, y por eso los terroristas y la izquierda, parad\u00f3jicamente est\u00e1n juntos\u201d, dijo Milei a la multitud. \u201cSaben que, rompiendo a Israel, destruyen el mundo occidental basado en la cultura judeocristiana\u201d. <\/p>\n<p><b>En <\/b><a href=\"https:\/\/www.elnuevodia.com\/noticias\/mundo\/notas\/el-papa-leon-xiv-viajara-a-turquia-y-libano-en-su-primer-viaje-al-extranjero\/\" target=\"_blank\" rel=\"noreferrer\" title=\"https:\/\/www.elnuevodia.com\/noticias\/mundo\/notas\/el-papa-leon-xiv-viajara-a-turquia-y-libano-en-su-primer-viaje-al-extranjero\/\"><b>Turqu\u00eda<\/b><\/a><b> donde el apoyo p\u00fablico a los palestinos es profundo, decenas de personas se tomaron fotos frente a la ic\u00f3nica Torre de G\u00e1lata cuando \u00e9sta fue iluminada con los colores de la bandera palestina para llamar la atenci\u00f3n sobre la situaci\u00f3n humanitaria en Gaza. <\/b><\/p>\n<p>Cientos de manifestantes participaron en una manifestaci\u00f3n organizada por varios grupos de la sociedad civil, ondeando banderas palestinas y pidiendo el fin de las acciones de Israel en Gaza. <\/p>\n<p>Mientras tanto, las autoridades turcas cancelaron un concierto en Estambul del artista brit\u00e1nico <a href=\"https:\/\/www.elnuevodia.com\/topicos\/robbie-williams\/\" target=\"_blank\" rel=\"noreferrer\" title=\"https:\/\/www.elnuevodia.com\/topicos\/robbie-williams\/\"><b>Robbie Williams<\/b><\/a>, programado para la noche del martes, por cuestiones de seguridad. <\/p>\n<\/div>\n\n    <div class=\"xs_social_share_widget xs_share_url after_content \t\tmain_content  wslu-style-1 wslu-share-box-shaped wslu-fill-colored wslu-none wslu-share-horizontal wslu-theme-font-no wslu-main_content\">\n\n\t\t\n        <ul>\n\t\t\t        <\/ul>\n    <\/div> \n","protected":false},"excerpt":{"rendered":"<p>Miles de personas se manifestaron el martes en varios pa\u00edses para condenar la guerra en Gaza , en el segundo aniversario del ataque de Hamas en el sur de Israel que desencaden\u00f3 un conflicto que ha cobrado decenas de miles de vidas y ha extendido la violencia por diversas partes del Oriente Medio. M\u00e1s de<\/p>\n","protected":false},"author":2,"featured_media":13012,"comment_status":"closed","ping_status":"open","sticky":false,"template":"","format":"standard","meta":{"om_disable_all_campaigns":false,"_monsterinsights_skip_tracking":false,"_monsterinsights_sitenote_active":false,"_monsterinsights_sitenote_note":"","_monsterinsights_sitenote_category":0,"footnotes":""},"categories":[10],"tags":[45],"class_list":["post-13011","post","type-post","status-publish","format-standard","has-post-thumbnail","hentry","category-mundo","tag-mundo"],"aioseo_notices":[],"_links":{"self":[{"href":"https:\/\/aleeknews.com\/4l33k5\/wp-json\/wp\/v2\/posts\/13011","targetHints":{"allow":["GET"]}}],"collection":[{"href":"https:\/\/aleeknews.com\/4l33k5\/wp-json\/wp\/v2\/posts"}],"about":[{"href":"https:\/\/aleeknews.com\/4l33k5\/wp-json\/wp\/v2\/types\/post"}],"author":[{"embeddable":true,"href":"https:\/\/aleeknews.com\/4l33k5\/wp-json\/wp\/v2\/users\/2"}],"replies":[{"embeddable":true,"href":"https:\/\/aleeknews.com\/4l33k5\/wp-json\/wp\/v2\/comments?post=13011"}],"version-history":[{"count":1,"href":"https:\/\/aleeknews.com\/4l33k5\/wp-json\/wp\/v2\/posts\/13011\/revisions"}],"predecessor-version":[{"id":13835,"href":"https:\/\/aleeknews.com\/4l33k5\/wp-json\/wp\/v2\/posts\/13011\/revisions\/13835"}],"wp:featuredmedia":[{"embeddable":true,"href":"https:\/\/aleeknews.com\/4l33k5\/wp-json\/wp\/v2\/media\/13012"}],"wp:attachment":[{"href":"https:\/\/aleeknews.com\/4l33k5\/wp-json\/wp\/v2\/media?parent=13011"}],"wp:term":[{"taxonomy":"category","embeddable":true,"href":"https:\/\/aleeknews.com\/4l33k5\/wp-json\/wp\/v2\/categories?post=13011"},{"taxonomy":"post_tag","embeddable":true,"href":"https:\/\/aleeknews.com\/4l33k5\/wp-json\/wp\/v2\/tags?post=13011"}],"curies":[{"name":"wp","href":"https:\/\/api.w.org\/{rel}","templated":true}]}}