{"id":13009,"date":"2025-10-08T21:44:17","date_gmt":"2025-10-08T19:44:17","guid":{"rendered":"https:\/\/aleeknews.com\/4l33k5\/2025\/10\/08\/abandonan-israel-los-21-latinoamericanos-detenidos-tras-participar-en-flotilla-que-se-dirigia-gaza\/"},"modified":"2025-10-24T18:18:11","modified_gmt":"2025-10-24T16:18:11","slug":"abandonan-israel-los-21-latinoamericanos-detenidos-tras-participar-en-flotilla-que-se-dirigia-gaza","status":"publish","type":"post","link":"https:\/\/aleeknews.com\/4l33k5\/2025\/10\/08\/abandonan-israel-los-21-latinoamericanos-detenidos-tras-participar-en-flotilla-que-se-dirigia-gaza\/","title":{"rendered":"Abandonan Israel los 21 latinoamericanos detenidos tras participar en flotilla que se dirig\u00eda Gaza"},"content":{"rendered":"<div>\n<p>Los gobiernos de <a href=\"https:\/\/www.elnuevodia.com\/topicos\/mexico\/\" target=\"_blank\" rel=\"noreferrer\" title=\"https:\/\/www.elnuevodia.com\/topicos\/mexico\/\"><b>M\u00e9xico<\/b><\/a>, <a href=\"https:\/\/www.elnuevodia.com\/topicos\/brasil\/\" target=\"_blank\" rel=\"noreferrer\" title=\"https:\/\/www.elnuevodia.com\/topicos\/brasil\/\"><b>Brasil<\/b><\/a> y <a href=\"https:\/\/www.elnuevodia.com\/topicos\/colombia\/\" target=\"_blank\" rel=\"noreferrer\" title=\"https:\/\/www.elnuevodia.com\/topicos\/colombia\/\"><b>Colombia<\/b><\/a> anunciaron el martes que sus 21 connacionales que hab\u00edan sido detenidos en Israel tras participar en la flotilla internacional que intent\u00f3 llegar a Gaza por mar abandonaron el territorio israel\u00ed e iniciaron el retorno a sus pa\u00edses de origen. <\/p>\n<p><b>La salida de los latinoamericanos se dio un d\u00eda despu\u00e9s que Israel deport\u00f3 a Grecia y Eslovaquia a otras 171 personas detenidas que tambi\u00e9n iban en la flotilla de ayuda, incluida la destacada activista sueca <\/b><a href=\"https:\/\/www.elnuevodia.com\/noticias\/mundo\/notas\/greta-thunberg-entre-activistas-de-la-flotilla-liberados-otros-siguen-en-prision\/\" target=\"_blank\" rel=\"noreferrer\" title=\"https:\/\/www.elnuevodia.com\/noticias\/mundo\/notas\/greta-thunberg-entre-activistas-de-la-flotilla-liberados-otros-siguen-en-prision\/\"><b>Greta Thunberg<\/b><\/a><b>. <\/b><\/p>\n<p>La Secretar\u00eda de Relaciones Exteriores de M\u00e9xico dijo en un mensaje de su cuenta de X que los seis mexicanos que participaron en la Flotilla Global Sumud fueron trasladados a la ciudad de Am\u00e1n, capital de Jordania, para iniciar su repatriaci\u00f3n a M\u00e9xico, acompa\u00f1ados del embajador mexicano en Israel. <\/p>\n<p><b>El grupo est\u00e1 integrado Sol Gonz\u00e1lez Egu\u00eda, Ernesto Ledesma Arronte, Arl\u00edn Medrano Guzm\u00e1n, Carlos P\u00e9rez Osorio, Diego V\u00e1zquez Galindo y Laura Alejandra Vel\u00e9z Ruiz Gait\u00e1n. <\/b><\/p>\n<p>La presidenta mexicana, <a href=\"https:\/\/www.elnuevodia.com\/topicos\/claudia-sheinbaum\/\" target=\"_blank\" rel=\"noreferrer\" title=\"https:\/\/www.elnuevodia.com\/topicos\/claudia-sheinbaum\/\"><b>Claudia Sheinbaum<\/b><\/a>, ratific\u00f3 el lunes su rechazo a la intercepci\u00f3n de las 44 embarcaciones de la flotilla e indic\u00f3 que \u201cnosotros estamos porque haya ayuda humanitaria a <a href=\"https:\/\/www.elnuevodia.com\/topicos\/palestina\/\" target=\"_blank\" rel=\"noreferrer\" title=\"https:\/\/www.elnuevodia.com\/topicos\/palestina\/\"><b>Palestina<\/b><\/a>, particularmente a la franja de Gaza\u201d. <\/p>\n<p>Sheinbaum ha condenado las acciones b\u00e9licas en Gaza consider\u00e1ndolas como un \u201cgenocidio\u201d y ha defendido la petici\u00f3n que presentaron el a\u00f1o pasado M\u00e9xico y Chile a la Corte Penal Internacional para que investigue \u201cla probable comisi\u00f3n de cr\u00edmenes de su competencia\u201d en los territorios palestinos. <\/p>\n<div>\n<p><b>1 \/ 9 | <\/b><span> En ruta a Gaza: veterana boricua forma parte de la Flota de la Libertad. La boricua Zuleyka Morales Rivera se dirige hacia Gaza a bordo de una embarcaci\u00f3n de veteranos de las Fuerzas Armadas estadounidenses.<\/span><i> &#8211; Suministrada<\/i><\/p>\n<\/div>\n<p>Desde Jordania, Ledesma Arronte, director del medio digital mexicano Rompeviento TV, dijo el martes que sufri\u00f3 \u201ctortura psicol\u00f3gica y tortura f\u00edsica\u201d durante su detenci\u00f3n en Israel y que las fuerzas de ese pa\u00eds \u201cme torcieron los brazos y los hombros y nos echaron hacia atr\u00e1s\u201d. <\/p>\n<p><b>El mexicano relat\u00f3 en una grabaci\u00f3n que difundi\u00f3 la emisora local Radio F\u00f3rmula que las fuerzas israel\u00edes \u201cme tumbaron poniendo las rodillas en la espalda baja\u201d y asegur\u00f3 que esa acci\u00f3n le ocasion\u00f3 un fuerte dolor en la espalda. <\/b><\/p>\n<p>\u201cHoy en la madrugada se me dorm\u00edan un poco los brazos y las manos, y no s\u00e9 si est\u00e1 relacionado con eso o no\u201d, afirm\u00f3. <\/p>\n<p>Brasil inform\u00f3 que sus 13 connacionales que formaban parte de la flotilla internacional fueron liberados. Diplom\u00e1ticos brasile\u00f1os los recibieron en la frontera con Jordania y los trasladaron a Am\u00e1n. <\/p>\n<p>Entre el grupo brasile\u00f1o se encontraban Thiago Avila, uno de los organizadores de la flotilla, y la diputada Luizianne Lins, del Partido de los Trabajadores del presidente brasile\u00f1o, <a href=\"https:\/\/www.elnuevodia.com\/topicos\/luiz-inacio-lula-da-silva\/\" target=\"_blank\" rel=\"noreferrer\" title=\"https:\/\/www.elnuevodia.com\/topicos\/luiz-inacio-lula-da-silva\/\"><b>Luiz In\u00e1cio Lula da Silva<\/b><\/a>. <\/p>\n<p>Brasil ha condenado en\u00e9rgicamente las acciones de Israel en Gaza y ha solicitado unirse a la demanda presentada por Sud\u00e1frica ante la Corte Internacional de Justicia, en la que se acusa al gobierno israel\u00ed de genocidio en el enclave. <\/p>\n<p>El Ministerio de Relaciones Exteriores del pa\u00eds sudamericano dijo en un comunicado que la flotilla era pac\u00edfica. \u201cBrasil exhorta a la comunidad internacional a exigir a Israel que ponga fin al bloqueo de Gaza, ya que constituye una grave violaci\u00f3n del derecho internacional humanitario\u201d, se\u00f1al\u00f3. <\/p>\n<div>\n<figure><picture><source media=\"(max-width: 375px)\" ><source media=\"(max-width: 767px)\" ><source media=\"(max-width: 1023px)\" ><source ><img src=\"https:\/\/www.elnuevodia.com\/resizer\/v2\/HTK2ISVGIFHS3NW6JFCEHNTFHU.jpg?auth=09805daf72308ab5f4d1c4fd31069bfffeb4860db282e80885898d71ba4b63ec&#038;quality=75&#038;width=829&#038;smart=true\" alt=\"Algunos de los barcos de la flotilla con destino a Gaza cuando zarparon de Barcelona, Espa\u00f1a, el pasado 31 de agosto.\" loading=\"lazy\" fetchpriority=\"low\" decoding=\"async\"><\/picture><figcaption>Algunos de los barcos de la flotilla con destino a Gaza cuando zarparon de Barcelona, Espa\u00f1a, el pasado 31 de agosto. (Agencia EFE)<\/figcaption><\/figure>\n<\/div>\n<p>La Canciller\u00eda colombiana tambi\u00e9n confirm\u00f3 que las activistas Manuela Bedoya y Luna Barreto fueron liberadas por Israel luego de gestiones diplom\u00e1ticas. Previamente, el gobierno se\u00f1al\u00f3 la detenci\u00f3n como un \u201csecuestro\u201d. <\/p>\n<p>Las colombianas fueron trasladadas hacia territorio jordano, seg\u00fan un comunicado de la Canciller\u00eda colombiana. Una de ellas ser\u00e1 deportada a Colombia y la otra permanecer\u00e1 en la regi\u00f3n por ser su residencia actual. <\/p>\n<p>\u201cEstamos agotadas, pero con la moral alta porque ya estamos afuera\u201d, asegur\u00f3 Bedoya durante una llamada telef\u00f3nica con la canciller Yolanda Villavicencio divulgada por la cartera ministerial. <\/p>\n<p>El presidente colombiano, <a href=\"https:\/\/www.elnuevodia.com\/topicos\/gustavo-petro\/\" target=\"_blank\" rel=\"noreferrer\" title=\"https:\/\/www.elnuevodia.com\/topicos\/gustavo-petro\/\"><b>Gustavo Petro<\/b><\/a>, que rompi\u00f3 relaciones con Israel desde 2024 en protesta por las acciones b\u00e9licas en Gaza, dijo la semana pasada que expulsar\u00eda a la delegaci\u00f3n diplom\u00e1tica de Israel en Colombia, cuando se produjo la interceptaci\u00f3n de la flotilla. <\/p>\n<p><b>Las fuerzas israel\u00edes interceptaron las embarcaciones que intentaron romper el bloqueo mar\u00edtimo de Israel sobre la devastada Gaza. La acci\u00f3n desat\u00f3 manifestaciones en varias ciudades del mundo. <\/b><\/p>\n<p>Israel rechaz\u00f3 las acusaciones de maltrato que realizaron activistas que fueron deportados a Turqu\u00eda, Espa\u00f1a e Italia el fin de semana, y asegur\u00f3 que sus derechos fueron respetados durante toda su detenci\u00f3n. <\/p>\n<\/div>\n\n    <div class=\"xs_social_share_widget xs_share_url after_content \t\tmain_content  wslu-style-1 wslu-share-box-shaped wslu-fill-colored wslu-none wslu-share-horizontal wslu-theme-font-no wslu-main_content\">\n\n\t\t\n        <ul>\n\t\t\t        <\/ul>\n    <\/div> \n","protected":false},"excerpt":{"rendered":"<p>Los gobiernos de M\u00e9xico , Brasil y Colombia anunciaron el martes que sus 21 connacionales que hab\u00edan sido detenidos en Israel tras participar en la flotilla internacional que intent\u00f3 llegar a Gaza por mar abandonaron el territorio israel\u00ed e iniciaron el retorno a sus pa\u00edses de origen. La salida de los latinoamericanos se dio un<\/p>\n","protected":false},"author":2,"featured_media":13010,"comment_status":"closed","ping_status":"open","sticky":false,"template":"","format":"standard","meta":{"om_disable_all_campaigns":false,"_monsterinsights_skip_tracking":false,"_monsterinsights_sitenote_active":false,"_monsterinsights_sitenote_note":"","_monsterinsights_sitenote_category":0,"footnotes":""},"categories":[10],"tags":[45],"class_list":["post-13009","post","type-post","status-publish","format-standard","has-post-thumbnail","hentry","category-mundo","tag-mundo"],"aioseo_notices":[],"_links":{"self":[{"href":"https:\/\/aleeknews.com\/4l33k5\/wp-json\/wp\/v2\/posts\/13009","targetHints":{"allow":["GET"]}}],"collection":[{"href":"https:\/\/aleeknews.com\/4l33k5\/wp-json\/wp\/v2\/posts"}],"about":[{"href":"https:\/\/aleeknews.com\/4l33k5\/wp-json\/wp\/v2\/types\/post"}],"author":[{"embeddable":true,"href":"https:\/\/aleeknews.com\/4l33k5\/wp-json\/wp\/v2\/users\/2"}],"replies":[{"embeddable":true,"href":"https:\/\/aleeknews.com\/4l33k5\/wp-json\/wp\/v2\/comments?post=13009"}],"version-history":[{"count":1,"href":"https:\/\/aleeknews.com\/4l33k5\/wp-json\/wp\/v2\/posts\/13009\/revisions"}],"predecessor-version":[{"id":13834,"href":"https:\/\/aleeknews.com\/4l33k5\/wp-json\/wp\/v2\/posts\/13009\/revisions\/13834"}],"wp:featuredmedia":[{"embeddable":true,"href":"https:\/\/aleeknews.com\/4l33k5\/wp-json\/wp\/v2\/media\/13010"}],"wp:attachment":[{"href":"https:\/\/aleeknews.com\/4l33k5\/wp-json\/wp\/v2\/media?parent=13009"}],"wp:term":[{"taxonomy":"category","embeddable":true,"href":"https:\/\/aleeknews.com\/4l33k5\/wp-json\/wp\/v2\/categories?post=13009"},{"taxonomy":"post_tag","embeddable":true,"href":"https:\/\/aleeknews.com\/4l33k5\/wp-json\/wp\/v2\/tags?post=13009"}],"curies":[{"name":"wp","href":"https:\/\/api.w.org\/{rel}","templated":true}]}}