{"id":13007,"date":"2025-10-08T21:44:18","date_gmt":"2025-10-08T19:44:18","guid":{"rendered":"https:\/\/aleeknews.com\/4l33k5\/2025\/10\/08\/rescatan-a-cientos-de-excursionistas-del-monte-everest-tras-una-fuerte-tormenta-de-nieve\/"},"modified":"2025-10-24T18:18:11","modified_gmt":"2025-10-24T16:18:11","slug":"rescatan-a-cientos-de-excursionistas-del-monte-everest-tras-una-fuerte-tormenta-de-nieve","status":"publish","type":"post","link":"https:\/\/aleeknews.com\/4l33k5\/2025\/10\/08\/rescatan-a-cientos-de-excursionistas-del-monte-everest-tras-una-fuerte-tormenta-de-nieve\/","title":{"rendered":"Rescatan a cientos de excursionistas del monte Everest tras una fuerte tormenta de nieve"},"content":{"rendered":"<div>\n<p><b>BEIJING<\/b> &#8211; Unos 900 excursionistas, gu\u00edas y otros trabajadores que <a href=\"https:\/\/www.elnuevodia.com\/noticias\/mundo\/videos\/caos-en-el-monte-everest-excursionistas-quedan-atrapados-bajo-la-nieve-293078\/\" target=\"_blank\" rel=\"noreferrer\" title=\"https:\/\/www.elnuevodia.com\/noticias\/mundo\/videos\/caos-en-el-monte-everest-excursionistas-quedan-atrapados-bajo-la-nieve-293078\/\">quedaron varados por una tormenta de nieve<\/a> el fin de semana, en el lado chino del <a href=\"https:\/\/www.elnuevodia.com\/topicos\/monte-everest\/\" target=\"_blank\" rel=\"noreferrer\" title=\"https:\/\/www.elnuevodia.com\/topicos\/monte-everest\/\">monte Everest<\/a>, llegaron a un lugar seguro, inform\u00f3 la prensa estatal el martes por la noche.<\/p>\n<p>Una fuerte tormenta azot\u00f3 la zona la noche del s\u00e1bado, cortando el acceso al lugar donde los excursionistas acampaban a una altitud de m\u00e1s de 16,000 pies.<\/p>\n<p><b>En total, 580 excursionistas y m\u00e1s de 300 gu\u00edas, pastores de yaks y otros trabajadores quedaron varados. Aproximadamente 350 excursionistas pudieron descender al mediod\u00eda del lunes y el resto lo hicieron el martes, report\u00f3 la prensa estatal citando al gobierno local.<\/b><\/p>\n<p>Algunos excursionistas ten\u00edan hipotermia, agregaron, y la agencia noticiosa oficial Xinhua indic\u00f3 que alrededor de una docena fueron escoltados a un punto de encuentro por equipos con alimentos, medicinas, calefacci\u00f3n y suministros de ox\u00edgeno.<\/p>\n<p>La zona tur\u00edstica del Everest en la regi\u00f3n del T\u00edbet en China qued\u00f3 cerrada temporalmente. El pico de 29,000 pies, el m\u00e1s alto del mundo, se encuentra en la frontera con Nepal.<\/p>\n<p><b>La tormenta azot\u00f3 durante un feriado nacional de una semana que termina el mi\u00e9rcoles. Muchos chinos viajan dentro y fuera del pa\u00eds durante las vacaciones, que conmemoran el inicio del gobierno del Partido Comunista en China el 1 de octubre de 1949.<\/b><\/p>\n<p>En Nepal, un escalador surcoreano muri\u00f3 a causa de una tormenta el fin de semana cerca de la cumbre del Pico Mera, una monta\u00f1a del Himalaya de 21,250 pies al sur del Everest.<\/p>\n<p>Las tormentas de nieve de principios de temporada afectaron al menos a otras dos zonas en el oeste de China durante el fin de semana, causaron la muerte de una persona y dejaron varados a conductores en una carretera helada y nevada cerca de un lugar frecuentado por excursionistas.<\/p>\n<p><b>M\u00e1s de 200 personas fueron evacuadas de un valle remoto y escarpado en las monta\u00f1as Qilian, en la provincia de Qinghai. Una persona muri\u00f3 por hipotermia y mal de altura.<\/b><\/p>\n<p>La zona no est\u00e1 muy desarrollada y las autoridades advirtieron posteriormente que no se acceda sin permiso, citando la dificultad del terreno, el clima impredecible y una altitud promedio de m\u00e1s de 13,000 pies.<\/p>\n<p>En la regi\u00f3n de Xinjiang, en el noroeste de China, la zona tur\u00edstica de Kanas qued\u00f3 cerrada despu\u00e9s de una tormenta de nieve el domingo que dej\u00f3 varados a conductores en una carretera cercana. La v\u00eda qued\u00f3 despejada para el lunes, report\u00f3 la prensa estatal.<\/p>\n<\/div>\n\n    <div class=\"xs_social_share_widget xs_share_url after_content \t\tmain_content  wslu-style-1 wslu-share-box-shaped wslu-fill-colored wslu-none wslu-share-horizontal wslu-theme-font-no wslu-main_content\">\n\n\t\t\n        <ul>\n\t\t\t        <\/ul>\n    <\/div> \n","protected":false},"excerpt":{"rendered":"<p>BEIJING &#8211; Unos 900 excursionistas, gu\u00edas y otros trabajadores que quedaron varados por una tormenta de nieve el fin de semana, en el lado chino del monte Everest, llegaron a un lugar seguro, inform\u00f3 la prensa estatal el martes por la noche. Una fuerte tormenta azot\u00f3 la zona la noche del s\u00e1bado, cortando el acceso<\/p>\n","protected":false},"author":2,"featured_media":13008,"comment_status":"closed","ping_status":"open","sticky":false,"template":"","format":"standard","meta":{"om_disable_all_campaigns":false,"_monsterinsights_skip_tracking":false,"_monsterinsights_sitenote_active":false,"_monsterinsights_sitenote_note":"","_monsterinsights_sitenote_category":0,"footnotes":""},"categories":[10],"tags":[45],"class_list":["post-13007","post","type-post","status-publish","format-standard","has-post-thumbnail","hentry","category-mundo","tag-mundo"],"aioseo_notices":[],"_links":{"self":[{"href":"https:\/\/aleeknews.com\/4l33k5\/wp-json\/wp\/v2\/posts\/13007","targetHints":{"allow":["GET"]}}],"collection":[{"href":"https:\/\/aleeknews.com\/4l33k5\/wp-json\/wp\/v2\/posts"}],"about":[{"href":"https:\/\/aleeknews.com\/4l33k5\/wp-json\/wp\/v2\/types\/post"}],"author":[{"embeddable":true,"href":"https:\/\/aleeknews.com\/4l33k5\/wp-json\/wp\/v2\/users\/2"}],"replies":[{"embeddable":true,"href":"https:\/\/aleeknews.com\/4l33k5\/wp-json\/wp\/v2\/comments?post=13007"}],"version-history":[{"count":1,"href":"https:\/\/aleeknews.com\/4l33k5\/wp-json\/wp\/v2\/posts\/13007\/revisions"}],"predecessor-version":[{"id":13833,"href":"https:\/\/aleeknews.com\/4l33k5\/wp-json\/wp\/v2\/posts\/13007\/revisions\/13833"}],"wp:featuredmedia":[{"embeddable":true,"href":"https:\/\/aleeknews.com\/4l33k5\/wp-json\/wp\/v2\/media\/13008"}],"wp:attachment":[{"href":"https:\/\/aleeknews.com\/4l33k5\/wp-json\/wp\/v2\/media?parent=13007"}],"wp:term":[{"taxonomy":"category","embeddable":true,"href":"https:\/\/aleeknews.com\/4l33k5\/wp-json\/wp\/v2\/categories?post=13007"},{"taxonomy":"post_tag","embeddable":true,"href":"https:\/\/aleeknews.com\/4l33k5\/wp-json\/wp\/v2\/tags?post=13007"}],"curies":[{"name":"wp","href":"https:\/\/api.w.org\/{rel}","templated":true}]}}