{"id":12998,"date":"2025-10-08T21:44:24","date_gmt":"2025-10-08T19:44:24","guid":{"rendered":"https:\/\/aleeknews.com\/4l33k5\/2025\/10\/08\/de-texas-a-roma-obispo-lleva-al-papa-leon-xiv-cartas-de-migrantes-aterrorizados-por-medidas-en-estados-unidos\/"},"modified":"2025-10-24T18:18:11","modified_gmt":"2025-10-24T16:18:11","slug":"de-texas-a-roma-obispo-lleva-al-papa-leon-xiv-cartas-de-migrantes-aterrorizados-por-medidas-en-estados-unidos","status":"publish","type":"post","link":"https:\/\/aleeknews.com\/4l33k5\/2025\/10\/08\/de-texas-a-roma-obispo-lleva-al-papa-leon-xiv-cartas-de-migrantes-aterrorizados-por-medidas-en-estados-unidos\/","title":{"rendered":"De Texas a Roma: obispo lleva al papa Le\u00f3n XIV cartas de migrantes \u201caterrorizados\u201d por medidas en Estados Unidos"},"content":{"rendered":"<div>\n<p><b>Ciudad del Vaticano <\/b> &#8211; El <a href=\"https:\/\/www.elnuevodia.com\/topicos\/texas\/\" target=\"_self\" rel title=\"https:\/\/www.elnuevodia.com\/topicos\/texas\/\"><b>obispo de Texas<\/b><\/a><b> <\/b>en la primera l\u00ednea de la ofensiva contra la inmigraci\u00f3n en<b> <\/b><a href=\"https:\/\/www.elnuevodia.com\/noticias\/estados-unidos\/\" target=\"_self\" rel title=\"https:\/\/www.elnuevodia.com\/noticias\/estados-unidos\/\"><b>Estados Unidos<\/b><\/a> se reuni\u00f3 el mi\u00e9rcoles con el <a href=\"https:\/\/www.elnuevodia.com\/noticias\/mundo\/notas\/el-papa-leon-xiv-viajara-a-turquia-y-libano-en-su-primer-viaje-al-extranjero\/\" target=\"_self\" rel title=\"https:\/\/www.elnuevodia.com\/noticias\/mundo\/notas\/el-papa-leon-xiv-viajara-a-turquia-y-libano-en-su-primer-viaje-al-extranjero\/\"><b>papa Le\u00f3n XIV<\/b><\/a> y le entreg\u00f3 un paquete de cartas de familias inmigrantes \u201caterrorizadas\u201d por el miedo a que ellos y sus seres queridos sean detenidos y deportados a medida que las t\u00e1cticas de la administraci\u00f3n Trump se vuelven cada vez m\u00e1s combativas.<\/p>\n<p>El obispo de El Paso,<b> Mark Seitz<\/b>, tambi\u00e9n mostr\u00f3 al pont\u00edfice un video que detalla la dif\u00edcil situaci\u00f3n de los migrantes, y <b>dijo a The Associated Press despu\u00e9s que Le\u00f3n prometi\u00f3 \u201cestar con ellos\u201d y con los l\u00edderes cat\u00f3licos que est\u00e1n tratando de ayudarlos.<\/b><\/p>\n<p><b>\u201cTuvo unas palabras para nosotros, agradeci\u00e9ndonos por nuestro compromiso con los pueblos inmigrantes y tambi\u00e9n diciendo que espera que la conferencia de obispos hable sobre este tema y contin\u00fae haci\u00e9ndolo\u201d, <\/b>declar\u00f3 Seitz, presidente del comit\u00e9 de migraci\u00f3n de la Conferencia de Obispos Cat\u00f3licos de Estados Unidos.<\/p>\n<p>Los l\u00edderes cat\u00f3licos en Estados Unidos han denunciado la ofensiva de la administraci\u00f3n Trump, que ha separado familias, incitado temores y trastornado la vida en iglesias y escuelas que sirven a comunidades migrantes. La administraci\u00f3n ha defendido la ofensiva como una medida para salvaguardar la seguridad p\u00fablica y la seguridad nacional.<\/p>\n<p><b>\u201cNo queremos entrar en la refriega pol\u00edtica, no somos pol\u00edticos, pero necesitamos ense\u00f1ar la fe\u201d,<\/b> y especialmente el mensaje del Evangelio que reconoce la dignidad inherente de todos los hijos de Dios, y cuidar de los pobres y dar la bienvenida al extranjero, indic\u00f3 Seitz.<\/p>\n<p><b>Las cartas y el video que llev\u00f3 al papa detallan el miedo que incluso los migrantes legales enfrentan cada d\u00eda. Ciudadanos estadounidenses, inmigrantes con estatus legal y ni\u00f1os han estado entre los detenidos en encuentros cada vez m\u00e1s agresivos por parte de agentes federales.<\/b> En la ciudad natal de Le\u00f3n, Chicago, los agentes han irrumpido en complejos de apartamentos en helic\u00f3ptero mientras las familias dorm\u00edan, han desplegado agentes qu\u00edmicos cerca de una escuela p\u00fablica y han arrestado a un concejal en el hospital.<\/p>\n<p>En una de las cartas entregadas al papa, una mujer originaria de Guatemala llamada Mar\u00eda recuenta que los migrantes tienen miedo de ir de compras y hasta de ir a la iglesia y por eso se quedan en casa.<\/p>\n<p><b>\u201cEl papa tiene que hablar con Trump y pedirle que piense sobre lo que le est\u00e1 haciendo a los inmigrantes. El papa tiene que apelar a Trump y Trump tiene que escucharlo, Trump tiene que cambiar lo que est\u00e1 haciendo\u201d, <\/b>escribi\u00f3 la mujer, que ha vivido en San Francisco por un cuarto de siglo y calific\u00f3 para el asilo hace a\u00f1os, pero tiene familiares que est\u00e1n ilegalmente en Estados Unidos.<\/p>\n<p><b>Justo antes de morir, el papa Francisco reprendi\u00f3 en\u00e9rgicamente los planes de la administraci\u00f3n Trump para deportaciones masivas, advirtiendo que la expulsi\u00f3n forzosa de personas \u00fanicamente por su estatus ilegal les priva de su dignidad inherente.<\/b><\/p>\n<p>El primer papa estadounidense de la historia ha seguido la l\u00ednea de Francisco. El fin de semana pasado, el pont\u00edfice celebr\u00f3 una Misa especial del A\u00f1o Santo para los migrantes, denunciando la \u201cfrialdad de la indiferencia\u201d y el \u201cestigma de la discriminaci\u00f3n\u201d que enfrentan migrantes desesperados por huir de la violencia y el sufrimiento. Preguntado por los periodistas esta semana sobre la ofensiva en Chicago, Le\u00f3n declin\u00f3 comentar.<\/p>\n<p>El mi\u00e9rcoles, Le\u00f3n lleg\u00f3 tarde a la audiencia con Seitz y la delegaci\u00f3n de alrededor de una docena de personas, incluidos miembros del Instituto Fronterizo de la Esperanza, un grupo de defensa formado en asociaci\u00f3n con la di\u00f3cesis de El Paso. Los miembros de la delegaci\u00f3n aseguraron al papa que estar\u00edan con \u00e9l mientras conversaban en una sala de recepci\u00f3n del Vaticano.<\/p>\n<p><b>\u201cM\u00e1s tarde en la reuni\u00f3n dijo: \u2018Estar\u00e9 con ustedes\u2019, as\u00ed que fue un hermoso peque\u00f1o intercambio\u201d, se\u00f1al\u00f3 Seitz.<\/b><\/p>\n<\/div>\n\n    <div class=\"xs_social_share_widget xs_share_url after_content \t\tmain_content  wslu-style-1 wslu-share-box-shaped wslu-fill-colored wslu-none wslu-share-horizontal wslu-theme-font-no wslu-main_content\">\n\n\t\t\n        <ul>\n\t\t\t        <\/ul>\n    <\/div> \n","protected":false},"excerpt":{"rendered":"<p>Ciudad del Vaticano &#8211; El obispo de Texas en la primera l\u00ednea de la ofensiva contra la inmigraci\u00f3n en Estados Unidos se reuni\u00f3 el mi\u00e9rcoles con el papa Le\u00f3n XIV y le entreg\u00f3 un paquete de cartas de familias inmigrantes \u201caterrorizadas\u201d por el miedo a que ellos y sus seres queridos sean detenidos y deportados<\/p>\n","protected":false},"author":2,"featured_media":12999,"comment_status":"closed","ping_status":"open","sticky":false,"template":"","format":"standard","meta":{"om_disable_all_campaigns":false,"_monsterinsights_skip_tracking":false,"_monsterinsights_sitenote_active":false,"_monsterinsights_sitenote_note":"","_monsterinsights_sitenote_category":0,"footnotes":""},"categories":[10],"tags":[45],"class_list":["post-12998","post","type-post","status-publish","format-standard","has-post-thumbnail","hentry","category-mundo","tag-mundo"],"aioseo_notices":[],"_links":{"self":[{"href":"https:\/\/aleeknews.com\/4l33k5\/wp-json\/wp\/v2\/posts\/12998","targetHints":{"allow":["GET"]}}],"collection":[{"href":"https:\/\/aleeknews.com\/4l33k5\/wp-json\/wp\/v2\/posts"}],"about":[{"href":"https:\/\/aleeknews.com\/4l33k5\/wp-json\/wp\/v2\/types\/post"}],"author":[{"embeddable":true,"href":"https:\/\/aleeknews.com\/4l33k5\/wp-json\/wp\/v2\/users\/2"}],"replies":[{"embeddable":true,"href":"https:\/\/aleeknews.com\/4l33k5\/wp-json\/wp\/v2\/comments?post=12998"}],"version-history":[{"count":1,"href":"https:\/\/aleeknews.com\/4l33k5\/wp-json\/wp\/v2\/posts\/12998\/revisions"}],"predecessor-version":[{"id":13827,"href":"https:\/\/aleeknews.com\/4l33k5\/wp-json\/wp\/v2\/posts\/12998\/revisions\/13827"}],"wp:featuredmedia":[{"embeddable":true,"href":"https:\/\/aleeknews.com\/4l33k5\/wp-json\/wp\/v2\/media\/12999"}],"wp:attachment":[{"href":"https:\/\/aleeknews.com\/4l33k5\/wp-json\/wp\/v2\/media?parent=12998"}],"wp:term":[{"taxonomy":"category","embeddable":true,"href":"https:\/\/aleeknews.com\/4l33k5\/wp-json\/wp\/v2\/categories?post=12998"},{"taxonomy":"post_tag","embeddable":true,"href":"https:\/\/aleeknews.com\/4l33k5\/wp-json\/wp\/v2\/tags?post=12998"}],"curies":[{"name":"wp","href":"https:\/\/api.w.org\/{rel}","templated":true}]}}