{"id":12986,"date":"2025-10-08T17:47:43","date_gmt":"2025-10-08T15:47:43","guid":{"rendered":"https:\/\/aleeknews.com\/4l33k5\/2025\/10\/08\/equipo-de-anuel-aa-reacciona-a-incidente-en-el-choliseo-ha-llevado-el-nombre-de-puerto-rico-a-lo-mas-alto\/"},"modified":"2025-10-24T18:11:52","modified_gmt":"2025-10-24T16:11:52","slug":"equipo-de-anuel-aa-reacciona-a-incidente-en-el-choliseo-ha-llevado-el-nombre-de-puerto-rico-a-lo-mas-alto","status":"publish","type":"post","link":"https:\/\/aleeknews.com\/4l33k5\/2025\/10\/08\/equipo-de-anuel-aa-reacciona-a-incidente-en-el-choliseo-ha-llevado-el-nombre-de-puerto-rico-a-lo-mas-alto\/","title":{"rendered":"Equipo de Anuel AA reacciona a incidente en el Choliseo: \u201cHa llevado el nombre de Puerto Rico a lo m\u00e1s alto\u201d"},"content":{"rendered":"<div>\n<p>Luego de que el exgerente general de ASM Global y ahora asesor estrat\u00e9gico del <a href=\"https:\/\/www.elnuevodia.com\/topicos\/coliseo-de-puerto-rico-jose-miguel-agrelot\/\" target=\"_self\" rel title=\"https:\/\/www.elnuevodia.com\/topicos\/coliseo-de-puerto-rico-jose-miguel-agrelot\/\"><b>Coliseo de Puerto Rico Jos\u00e9 Miguel Agrelot<\/b>,<\/a> <b>Jorge P\u00e9rez<\/b>, asegurara que la presencia de <a href=\"https:\/\/www.elnuevodia.com\/topicos\/anuel-aa\/\" target=\"_self\" rel title=\"https:\/\/www.elnuevodia.com\/topicos\/anuel-aa\/\"><b>Anuel AA<\/b><\/a><b> <\/b>en el recinto es <a href=\"https:\/\/www.elnuevodia.com\/entretenimiento\/musica\/notas\/jorge-perez-aclara-que-anuel-aa-no-esta-vetado-en-el-choliseo-pero-no-recomienda-su-entrada-al-recinto\/\" target=\"_self\" rel title=\"https:\/\/www.elnuevodia.com\/entretenimiento\/musica\/notas\/jorge-perez-aclara-que-anuel-aa-no-esta-vetado-en-el-choliseo-pero-no-recomienda-su-entrada-al-recinto\/\"><b>\u201cun riesgo muy alto\u201d<\/b><\/a>, el <b>equipo del artista reaccion\u00f3 <\/b>aclarando su compromiso con la \u201cseguridad p\u00fablica\u201d.<\/p>\n<p>\u201cEn primer lugar, <b>gran parte de la informaci\u00f3n divulgada es completamente falsa o est\u00e1 basada en simples conjeturas.<\/b> Estas afirmaciones err\u00f3neas no solo distorsionan la realidad, sino que tambi\u00e9n <b>afectan directamente la imagen y la reputaci\u00f3n de un artista que ha llevado el nombre de Puerto Rico a lo m\u00e1s alto a nivel mundial\u201d<\/b>, indic\u00f3 su equipo, <b>\u201cReal Hasta la Muerte\u201d<\/b>, a trav\u00e9s de un comunicado de prensa.<\/p>\n<div>\n<p><b>1 \/ 13 | <\/b><span> En im\u00e1genes: as\u00ed se ven los impactos de bala en el Coliseo de Puerto Rico Jos\u00e9 Miguel Agrelot. El Coliseo de Puerto Rico Jos\u00e9 Miguel Agrelot fue tiroteado la madrugada del viernes, 3 de octubre de 2025, confirm\u00f3 la Polic\u00eda de Puerto Rico.<\/span><i> &#8211; Pablo Mart\u00ednez Rodr\u00edguez<\/i><\/p>\n<\/div>\n<p>Las expresiones surgen luego de ocurrido un <b>tiroteo contra la estructura del Choliseo <\/b>el pasado viernes, 3 de octubre, horas antes del duelo de celebridades denominado &#8220;<i><b>NBA Puerto Rico Celebrity Game 2025\u2033,<\/b><\/i> donde se anunci\u00f3 en la promoci\u00f3n que Anuel AA estar\u00eda presente. El int\u00e9rprete de \u201cMejor que yo\u201d<b> era uno de los invitados, pero despu\u00e9s el tiroteo, cancel\u00f3 su participaci\u00f3n<\/b>. <\/p>\n<p>Cabe se\u00f1alar que<b> las autoridades no han vinculado al reguetonero de forma directa <\/b>con los desconocidos que dispararon contra el edificio.<\/p>\n<p>Sin embargo, cabe recordar que <b>un incidente similar ocurri\u00f3 en 2019 <\/b>en el Choliseo, luego de que Anuel AA se presentara como invitado especial en una de las funciones de los conciertos de<b> <\/b><a href=\"https:\/\/www.elnuevodia.com\/topicos\/daddy-yankee\/\" target=\"_self\" rel title=\"https:\/\/www.elnuevodia.com\/topicos\/daddy-yankee\/\"><b>Daddy Yankee.<\/b><\/a><\/p>\n<p><b>\u201cEs la segunda vez que ocurre un incidente similar con este artista. Despu\u00e9s de esta segunda ocasi\u00f3n y seg\u00fan la informaci\u00f3n, aparentemente el mensaje era para \u00e9l. Pero si alguien me pregunta, yo, como asesor estrat\u00e9gico, pensar\u00eda que no se deber\u00eda permitir. El riesgo es muy alto y ya es la segunda vez. La prioridad nuestra es la seguridad de nuestros fan\u00e1ticos y empleados\u201d<\/b>, sostuvo por su parte P\u00e9rez en el programa radial <b>Primer Round de Magic 97.3 FM.<\/b><\/p>\n<p>Finalizando, el equipo del reguetonero reiter\u00f3 que<b> \u201cAnuel AA siempre ha representado con orgullo a Puerto Rico en cada escenario global, y su intenci\u00f3n sigue siendo compartir su m\u00fasica, su arte y, en esta ocasi\u00f3n, su amor por el deporte con el pueblo. Lamentamos la manera en que se manej\u00f3 la situaci\u00f3n del evento deportivo este fin de semana, ya que esto gener\u00f3 una gran confusi\u00f3n p\u00fablica e inculp\u00f3 injustamente al artista por un desafortunado incidente. <\/b>Reiteramos que lo m\u00e1s importante para Anuel AA y su equipo es la seguridad p\u00fablica y la seguridad del artista sobre todas las cosas&#8221;.<\/p>\n<p>Entretanto, el juego de estrellas se celebr\u00f3 con \u00e9xito sin la presencia del artista. <\/p>\n<div>\n<p><b>1 \/ 33 | <\/b><span> \u00a1Acci\u00f3n y mucha risa! As\u00ed transcurri\u00f3 el NBA Puerto Rico Celebrity Game. Miles de fan\u00e1ticos de la NBA se dieron cita el 3 de octubre de 2025 en el Coliseo de Puerto Rico Jos\u00e9 Miguel Agrelot para presenciar el NBA Puerto Rico Celebrity Game 2025.<\/span><i> &#8211; Carlos Rivera Giusti\/Staff<\/i><\/p>\n<\/div>\n<\/div>\n\n    <div class=\"xs_social_share_widget xs_share_url after_content \t\tmain_content  wslu-style-1 wslu-share-box-shaped wslu-fill-colored wslu-none wslu-share-horizontal wslu-theme-font-no wslu-main_content\">\n\n\t\t\n        <ul>\n\t\t\t        <\/ul>\n    <\/div> \n","protected":false},"excerpt":{"rendered":"<p>Luego de que el exgerente general de ASM Global y ahora asesor estrat\u00e9gico del Coliseo de Puerto Rico Jos\u00e9 Miguel Agrelot, Jorge P\u00e9rez, asegurara que la presencia de Anuel AA en el recinto es \u201cun riesgo muy alto\u201d , el equipo del artista reaccion\u00f3 aclarando su compromiso con la \u201cseguridad p\u00fablica\u201d. \u201cEn primer lugar, gran<\/p>\n","protected":false},"author":2,"featured_media":0,"comment_status":"closed","ping_status":"open","sticky":false,"template":"","format":"standard","meta":{"om_disable_all_campaigns":false,"_monsterinsights_skip_tracking":false,"_monsterinsights_sitenote_active":false,"_monsterinsights_sitenote_note":"","_monsterinsights_sitenote_category":0,"footnotes":""},"categories":[47],"tags":[50],"class_list":["post-12986","post","type-post","status-publish","format-standard","hentry","category-farandula","tag-farandula"],"aioseo_notices":[],"_links":{"self":[{"href":"https:\/\/aleeknews.com\/4l33k5\/wp-json\/wp\/v2\/posts\/12986","targetHints":{"allow":["GET"]}}],"collection":[{"href":"https:\/\/aleeknews.com\/4l33k5\/wp-json\/wp\/v2\/posts"}],"about":[{"href":"https:\/\/aleeknews.com\/4l33k5\/wp-json\/wp\/v2\/types\/post"}],"author":[{"embeddable":true,"href":"https:\/\/aleeknews.com\/4l33k5\/wp-json\/wp\/v2\/users\/2"}],"replies":[{"embeddable":true,"href":"https:\/\/aleeknews.com\/4l33k5\/wp-json\/wp\/v2\/comments?post=12986"}],"version-history":[{"count":1,"href":"https:\/\/aleeknews.com\/4l33k5\/wp-json\/wp\/v2\/posts\/12986\/revisions"}],"predecessor-version":[{"id":13715,"href":"https:\/\/aleeknews.com\/4l33k5\/wp-json\/wp\/v2\/posts\/12986\/revisions\/13715"}],"wp:attachment":[{"href":"https:\/\/aleeknews.com\/4l33k5\/wp-json\/wp\/v2\/media?parent=12986"}],"wp:term":[{"taxonomy":"category","embeddable":true,"href":"https:\/\/aleeknews.com\/4l33k5\/wp-json\/wp\/v2\/categories?post=12986"},{"taxonomy":"post_tag","embeddable":true,"href":"https:\/\/aleeknews.com\/4l33k5\/wp-json\/wp\/v2\/tags?post=12986"}],"curies":[{"name":"wp","href":"https:\/\/api.w.org\/{rel}","templated":true}]}}