{"id":12625,"date":"2025-10-01T17:44:20","date_gmt":"2025-10-01T15:44:20","guid":{"rendered":"https:\/\/aleeknews.com\/4l33k5\/2025\/10\/01\/el-restaurante-abracadabra-estrena-horario-nocturno-en-su-nuevo-espacio-en-santurce\/"},"modified":"2025-10-24T22:39:30","modified_gmt":"2025-10-24T20:39:30","slug":"el-restaurante-abracadabra-estrena-horario-nocturno-en-su-nuevo-espacio-en-santurce","status":"publish","type":"post","link":"https:\/\/aleeknews.com\/4l33k5\/2025\/10\/01\/el-restaurante-abracadabra-estrena-horario-nocturno-en-su-nuevo-espacio-en-santurce\/","title":{"rendered":"El restaurante Abracadabra estrena horario nocturno en su nuevo espacio en Santurce"},"content":{"rendered":"<div>\n<div data-testid=\"global-header-test\" data-fusion-lazy-id=\"f0f5G41E11Y61Ck\">\n<hr>\n<p><span>Bolsa de valores <b>03:44 PM<\/b><\/span><\/p>\n<\/div>\n<div>\n<div data-fusion-lazy-id=\"f0f9tfiOw0362nv\">\n<div class>\n<p><a href=\"https:\/\/thetrustproject.org\/\"><img decoding=\"async\" src=\"https:\/\/www.elnuevodia.com\/pf\/resources\/v2\/icons\/trust-icon.svg?d=209\"><\/a><\/p>\n<div>\n<p>Entrevista<\/p>\n<div>\n<p>Intercambio para ofrecer una perspectiva relevante, que ha sido revisada para mayor claridad, pero no del todo verificada.<\/p>\n<\/div>\n<\/div>\n<\/div>\n<div>\n<h2>Por primera vez, el reconocido negocio cuenta con cocteler\u00eda, tapas y platos fuertes, y en 2025 a\u00f1adir\u00e1 teatro y espect\u00e1culos en las noches <\/h2>\n<div>\n<p>20 de diciembre de 2024 &#8211; 11:10 PM<\/p>\n<\/div>\n<div>\n<p><b>Nota de archivo<\/b><\/p>\n<p>Esta historia fue publicada hace m\u00e1s de 9 meses.<\/p>\n<\/div>\n<\/div>\n<\/div>\n<div data-fusion-lazy-id=\"f0f8wxHIPTYNet\">\n<div><picture><source media=\"(max-width: 375px)\" ><source media=\"(max-width: 767px)\" ><source media=\"(max-width: 1023px)\" ><source ><\/picture><figcaption>El nuevo Abracadabra est\u00e1 en la avenida Fern\u00e1ndez Juncos 1651 en San Juan, y abre de martes a domingo de 8:30 a.m. a 3:00 p.m. Los viernes y s\u00e1bados reabre de 7:00 p.m. hasta la medianoche. <span>(Stephanie Rojas Rodriguez)<\/span><\/figcaption><\/div>\n<div>\n<p><img decoding=\"async\" alt=\"Marian D\u00edaz\" src=\"https:\/\/www.elnuevodia.com\/resizer\/v2\/https%3A%2F%2Fs3.amazonaws.com%2Farc-authors%2Fgfrmedia%2F14e09c78-76d5-47d9-b618-5a2cb8be0d96.png?auth=a5fd05e26d54c23523ae1b9d6ad49f1f9eab86e6cf3871570e6f0e82aec6fae9&#038;quality=75&#038;smart=true&#038;width=170&#038;height=147\"><\/p>\n<\/div>\n<div>\n<p>Sin mucho ruido, el restaurante <b>Abracadabra<\/b> reabri\u00f3 en la avenida Fern\u00e1ndez Juncos en<a href=\"https:\/\/www.elnuevodia.com\/topicos\/san-juan\/\" target=\"_blank\"><b> San Juan<\/b><\/a>, y desde hace dos semanas extendi\u00f3 el horario los viernes y s\u00e1bados para ofrecer un nuevo men\u00fa de cocteles, tapeo y comida durante las noches.<\/p>\n<\/div>\n<\/div>\n<section>\n<header><span>Popular en la Comunidad<\/span><\/header>\n<\/section>\n<\/div>\n<\/div>\n\n    <div class=\"xs_social_share_widget xs_share_url after_content \t\tmain_content  wslu-style-1 wslu-share-box-shaped wslu-fill-colored wslu-none wslu-share-horizontal wslu-theme-font-no wslu-main_content\">\n\n\t\t\n        <ul>\n\t\t\t        <\/ul>\n    <\/div> \n","protected":false},"excerpt":{"rendered":"<p>Bolsa de valores 03:44 PM Entrevista Intercambio para ofrecer una perspectiva relevante, que ha sido revisada para mayor claridad, pero no del todo verificada. Por primera vez, el reconocido negocio cuenta con cocteler\u00eda, tapas y platos fuertes, y en 2025 a\u00f1adir\u00e1 teatro y espect\u00e1culos en las noches 20 de diciembre de 2024 &#8211; 11:10 PM<\/p>\n","protected":false},"author":2,"featured_media":0,"comment_status":"closed","ping_status":"open","sticky":false,"template":"","format":"standard","meta":{"om_disable_all_campaigns":false,"_monsterinsights_skip_tracking":false,"_monsterinsights_sitenote_active":false,"_monsterinsights_sitenote_note":"","_monsterinsights_sitenote_category":0,"footnotes":""},"categories":[5],"tags":[53],"class_list":["post-12625","post","type-post","status-publish","format-standard","hentry","category-negocios","tag-negocios"],"aioseo_notices":[],"_links":{"self":[{"href":"https:\/\/aleeknews.com\/4l33k5\/wp-json\/wp\/v2\/posts\/12625","targetHints":{"allow":["GET"]}}],"collection":[{"href":"https:\/\/aleeknews.com\/4l33k5\/wp-json\/wp\/v2\/posts"}],"about":[{"href":"https:\/\/aleeknews.com\/4l33k5\/wp-json\/wp\/v2\/types\/post"}],"author":[{"embeddable":true,"href":"https:\/\/aleeknews.com\/4l33k5\/wp-json\/wp\/v2\/users\/2"}],"replies":[{"embeddable":true,"href":"https:\/\/aleeknews.com\/4l33k5\/wp-json\/wp\/v2\/comments?post=12625"}],"version-history":[{"count":1,"href":"https:\/\/aleeknews.com\/4l33k5\/wp-json\/wp\/v2\/posts\/12625\/revisions"}],"predecessor-version":[{"id":14007,"href":"https:\/\/aleeknews.com\/4l33k5\/wp-json\/wp\/v2\/posts\/12625\/revisions\/14007"}],"wp:attachment":[{"href":"https:\/\/aleeknews.com\/4l33k5\/wp-json\/wp\/v2\/media?parent=12625"}],"wp:term":[{"taxonomy":"category","embeddable":true,"href":"https:\/\/aleeknews.com\/4l33k5\/wp-json\/wp\/v2\/categories?post=12625"},{"taxonomy":"post_tag","embeddable":true,"href":"https:\/\/aleeknews.com\/4l33k5\/wp-json\/wp\/v2\/tags?post=12625"}],"curies":[{"name":"wp","href":"https:\/\/api.w.org\/{rel}","templated":true}]}}