{"id":12616,"date":"2025-10-01T17:44:26","date_gmt":"2025-10-01T15:44:26","guid":{"rendered":"https:\/\/aleeknews.com\/4l33k5\/2025\/10\/01\/con-atrasos-la-apertura-de-la-panaderia-ricomini-en-camuy\/"},"modified":"2025-10-24T22:39:30","modified_gmt":"2025-10-24T20:39:30","slug":"con-atrasos-la-apertura-de-la-panaderia-ricomini-en-camuy","status":"publish","type":"post","link":"https:\/\/aleeknews.com\/4l33k5\/2025\/10\/01\/con-atrasos-la-apertura-de-la-panaderia-ricomini-en-camuy\/","title":{"rendered":"Con atrasos la apertura de la panader\u00eda Ricomini en Camuy"},"content":{"rendered":"<div>\n<div data-testid=\"global-header-test\" data-fusion-lazy-id=\"f0f5G41E11Y61Ck\">\n<hr>\n<p><span>Bolsa de valores <b>03:29 PM<\/b><\/span><\/p>\n<\/div>\n<div>\n<div data-fusion-lazy-id=\"f0f9tfiOw0362nv\">\n<div class>\n<p><a href=\"https:\/\/thetrustproject.org\/\"><img decoding=\"async\" src=\"https:\/\/www.elnuevodia.com\/pf\/resources\/v2\/icons\/trust-icon.svg?d=209\"><\/a><\/p>\n<div>\n<p>Entrevista<\/p>\n<div>\n<p>Intercambio para ofrecer una perspectiva relevante, que ha sido revisada para mayor claridad, pero no del todo verificada.<\/p>\n<\/div>\n<\/div>\n<\/div>\n<div>\n<h2>Sus due\u00f1os explican por qu\u00e9 el famoso comercio no ha comenzado operaciones en la llamada Ciudad Rom\u00e1ntica <\/h2>\n<div>\n<p>1 de octubre de 2025 &#8211; 10:00 AM<\/p>\n<\/div>\n<\/div>\n<\/div>\n<div data-fusion-lazy-id=\"f0f8wxHIPTYNet\">\n<div><picture><source media=\"(max-width: 375px)\" ><source media=\"(max-width: 767px)\" ><source media=\"(max-width: 1023px)\" ><source ><\/picture><figcaption>La nueva Ricomini tendr\u00e1 7,000 pies cuadrados y estar\u00e1 en la carretera n\u00famero 2, km 94.5 en Camuy. <span>(Suministrada)<\/span><\/figcaption><\/div>\n<div>\n<p><img decoding=\"async\" alt=\"Marian D\u00edaz\" src=\"https:\/\/www.elnuevodia.com\/resizer\/v2\/https%3A%2F%2Fs3.amazonaws.com%2Farc-authors%2Fgfrmedia%2F14e09c78-76d5-47d9-b618-5a2cb8be0d96.png?auth=a5fd05e26d54c23523ae1b9d6ad49f1f9eab86e6cf3871570e6f0e82aec6fae9&#038;quality=75&#038;smart=true&#038;width=170&#038;height=147\"><\/p>\n<\/div>\n<div>\n<p>La apertura de la panader\u00eda Ricomini en la carretera PR-2 en <a href=\"https:\/\/www.elnuevodia.com\/topicos\/camuy\/\" target=\"_self\" rel title=\"https:\/\/www.elnuevodia.com\/topicos\/camuy\/\">Camuy<\/a> se ha retrasado cinco o seis meses, y tardar\u00e1, tal vez, dos meses m\u00e1s.<\/p>\n<\/div>\n<\/div>\n<section>\n<header><span>Popular en la Comunidad<\/span><\/header>\n<\/section>\n<\/div>\n<\/div>\n\n    <div class=\"xs_social_share_widget xs_share_url after_content \t\tmain_content  wslu-style-1 wslu-share-box-shaped wslu-fill-colored wslu-none wslu-share-horizontal wslu-theme-font-no wslu-main_content\">\n\n\t\t\n        <ul>\n\t\t\t        <\/ul>\n    <\/div> \n","protected":false},"excerpt":{"rendered":"<p>Bolsa de valores 03:29 PM Entrevista Intercambio para ofrecer una perspectiva relevante, que ha sido revisada para mayor claridad, pero no del todo verificada. Sus due\u00f1os explican por qu\u00e9 el famoso comercio no ha comenzado operaciones en la llamada Ciudad Rom\u00e1ntica 1 de octubre de 2025 &#8211; 10:00 AM La nueva Ricomini tendr\u00e1 7,000 pies<\/p>\n","protected":false},"author":2,"featured_media":12617,"comment_status":"closed","ping_status":"open","sticky":false,"template":"","format":"standard","meta":{"om_disable_all_campaigns":false,"_monsterinsights_skip_tracking":false,"_monsterinsights_sitenote_active":false,"_monsterinsights_sitenote_note":"","_monsterinsights_sitenote_category":0,"footnotes":""},"categories":[5],"tags":[53],"class_list":["post-12616","post","type-post","status-publish","format-standard","has-post-thumbnail","hentry","category-negocios","tag-negocios"],"aioseo_notices":[],"_links":{"self":[{"href":"https:\/\/aleeknews.com\/4l33k5\/wp-json\/wp\/v2\/posts\/12616","targetHints":{"allow":["GET"]}}],"collection":[{"href":"https:\/\/aleeknews.com\/4l33k5\/wp-json\/wp\/v2\/posts"}],"about":[{"href":"https:\/\/aleeknews.com\/4l33k5\/wp-json\/wp\/v2\/types\/post"}],"author":[{"embeddable":true,"href":"https:\/\/aleeknews.com\/4l33k5\/wp-json\/wp\/v2\/users\/2"}],"replies":[{"embeddable":true,"href":"https:\/\/aleeknews.com\/4l33k5\/wp-json\/wp\/v2\/comments?post=12616"}],"version-history":[{"count":1,"href":"https:\/\/aleeknews.com\/4l33k5\/wp-json\/wp\/v2\/posts\/12616\/revisions"}],"predecessor-version":[{"id":14001,"href":"https:\/\/aleeknews.com\/4l33k5\/wp-json\/wp\/v2\/posts\/12616\/revisions\/14001"}],"wp:featuredmedia":[{"embeddable":true,"href":"https:\/\/aleeknews.com\/4l33k5\/wp-json\/wp\/v2\/media\/12617"}],"wp:attachment":[{"href":"https:\/\/aleeknews.com\/4l33k5\/wp-json\/wp\/v2\/media?parent=12616"}],"wp:term":[{"taxonomy":"category","embeddable":true,"href":"https:\/\/aleeknews.com\/4l33k5\/wp-json\/wp\/v2\/categories?post=12616"},{"taxonomy":"post_tag","embeddable":true,"href":"https:\/\/aleeknews.com\/4l33k5\/wp-json\/wp\/v2\/tags?post=12616"}],"curies":[{"name":"wp","href":"https:\/\/api.w.org\/{rel}","templated":true}]}}