{"id":12588,"date":"2025-10-01T17:42:50","date_gmt":"2025-10-01T15:42:50","guid":{"rendered":"https:\/\/aleeknews.com\/4l33k5\/2025\/10\/01\/el-papa-leon-xiv-reflexiona-sobre-lo-que-significa-ser-provida-2\/"},"modified":"2025-10-01T17:42:50","modified_gmt":"2025-10-01T15:42:50","slug":"el-papa-leon-xiv-reflexiona-sobre-lo-que-significa-ser-provida-2","status":"publish","type":"post","link":"https:\/\/aleeknews.com\/4l33k5\/2025\/10\/01\/el-papa-leon-xiv-reflexiona-sobre-lo-que-significa-ser-provida-2\/","title":{"rendered":"El papa Le\u00f3n XIV reflexiona sobre lo que significa ser provida"},"content":{"rendered":"<div>\n<p><b>Roma<\/b> &#8211; El <a href=\"https:\/\/www.elnuevodia.com\/topicos\/papa-leon-xiv\/\" target=\"_self\" rel title=\"https:\/\/www.elnuevodia.com\/topicos\/papa-leon-xiv\/\">papa Le\u00f3n XIV<\/a> intervino por primera vez en una disputa sobre el aborto que sacude a la <a href=\"https:\/\/www.elnuevodia.com\/topicos\/iglesia-catolica\/\" target=\"_self\" rel title=\"https:\/\/www.elnuevodia.com\/topicos\/iglesia-catolica\/\">Iglesia cat\u00f3lica<\/a> de Estados Unidos, planteando la aparente contradicci\u00f3n sobre lo que realmente significa ser \u201cprovida\u201d.<\/p>\n<p>A Le\u00f3n, originario de <a href=\"https:\/\/www.elnuevodia.com\/topicos\/chicago\/\" target=\"_self\" rel title=\"https:\/\/www.elnuevodia.com\/topicos\/chicago\/\">Chicago<\/a>, se le pregunt\u00f3 el martes por la noche sobre los planes del cardenal de Chicago, Blase Cupich, de otorgar un premio a la trayectoria al senador de Illinois, Dick Durbin, por su trabajo ayudando a los inmigrantes. Los planes provocaron la objeci\u00f3n de algunos obispos conservadores de Estados Unidos dado el apoyo del poderoso senador dem\u00f3crata al derecho al <a href=\"https:\/\/www.elnuevodia.com\/topicos\/aborto\/\" target=\"_self\" rel title=\"https:\/\/www.elnuevodia.com\/topicos\/aborto\/\">aborto<\/a>.<\/p>\n<p><b>Le\u00f3n pidi\u00f3, en primer lugar, respeto para ambas partes, pero tambi\u00e9n se\u00f1al\u00f3 la aparente contradicci\u00f3n en tales debates.<\/b><\/p>\n<p>\u201cAlguien que dice \u2018estoy en contra del aborto pero dice que estoy a favor de la pena de muerte\u2019 no es realmente provida\u201d, dijo Le\u00f3n. <b>\u201cAlguien que dice que \u2018estoy en contra del aborto, pero estoy de acuerdo con el trato inhumano a los inmigrantes en Estados Unidos\u2019, no s\u00e9 si eso es provida\u201d.<\/b><\/p>\n<p>Le\u00f3n habl\u00f3 horas antes de que Cupich anunciara que Durbin hab\u00eda rechazado el premio.<\/p>\n<p>La ense\u00f1anza de la Iglesia proh\u00edbe el aborto, pero tambi\u00e9n se opone a la pena capital. El <a href=\"https:\/\/www.elnuevodia.com\/topicos\/papa-francisco\/\" target=\"_self\" rel title=\"https:\/\/www.elnuevodia.com\/topicos\/papa-francisco\/\">papa Francisco<\/a> cambi\u00f3 oficialmente la ense\u00f1anza de la Iglesia en 2018 para decretar que la pena de muerte es \u201cinadmisible\u201d en todas las circunstancias. Los obispos de Estados Unidos y el Vaticano han pedido en\u00e9rgicamente un trato humano a los migrantes, citando el mandato b\u00edblico de \u201cacoger al extranjero\u201d.<\/p>\n<p>Le\u00f3n dijo que no estaba familiarizado con los detalles de la disputa sobre el premio Durbin, pero dijo que, no obstante, era importante observar el historial general del senador y se\u00f1al\u00f3 los 40 a\u00f1os de mandato de Durbin. Respondiendo a una pregunta en ingl\u00e9s de la emisora estadounidense EWTN News, dijo que hab\u00eda muchas cuestiones \u00e9ticas que constituyen la ense\u00f1anza de la Iglesia cat\u00f3lica.<\/p>\n<p>\u201cNo s\u00e9 si alguien tiene toda la verdad, pero pedir\u00eda ante todo que haya un mayor respeto mutuo y que busquemos juntos, tanto como seres humanos, en ese caso como ciudadanos estadounidenses o ciudadanos del estado de Illinois, como cat\u00f3licos, decir que necesitamos que realmente analicen de cerca todas estas cuestiones \u00e9ticas y encontrar el camino a seguir en esta iglesia. La ense\u00f1anza de la Iglesia sobre cada una de esas cuestiones es muy clara\u201d, dijo.<\/p>\n<p>Cupich fue un estrecho asesor del papa Francisco, quien defendi\u00f3 en\u00e9rgicamente la ense\u00f1anza de la Iglesia que se opone al aborto, pero tambi\u00e9n critic\u00f3 la politizaci\u00f3n del debate sobre el aborto por parte de los obispos de Estados Unidos. Algunos obispos pidieron que se les negara la comuni\u00f3n a los pol\u00edticos cat\u00f3licos que apoyaban el derecho al aborto, incluido el expresidente Joe Biden.<\/p>\n<p>Biden se reuni\u00f3 en varias ocasiones con Francisco y dijo a los periodistas en 2021 que Francisco le hab\u00eda dicho que siguiera recibiendo la comuni\u00f3n. Durante una visita a Roma ese a\u00f1o, recibi\u00f3 el sacramento durante la misa en una iglesia de la di\u00f3cesis de Francisco.<\/p>\n<p>A Durbin se le prohibi\u00f3 recibir la comuni\u00f3n en su di\u00f3cesis de Springfield en 2004. El obispo de Springfield, Thomas Paprocki, ha continuado la prohibici\u00f3n y fue uno de los obispos de Estados Unidos que se opuso en\u00e9rgicamente a la decisi\u00f3n de Cupich de honrar al senador. Cupich reclama a Durbin como miembro de la Arquidi\u00f3cesis de Chicago, donde Durbin tambi\u00e9n tiene una casa.<\/p>\n<div>\n<p><b>1 \/ 8 | <\/b><span> &#8220;Jesus Bikers&#8221; le presentan una motora al papa Le\u00f3n XIV. La organizaci\u00f3n &#8220;Jesus Bikers&#8221; de Alemania present\u00f3 al papa Le\u00f3n XIV con una motora BMW R18 blanca customizada en el estilo papal.<\/span><i> &#8211; HANDOUT<\/i><\/p>\n<\/div>\n<p>En su declaraci\u00f3n anunciando que Durbin rechazar\u00eda el premio, Cupich lament\u00f3 que la polarizaci\u00f3n en Estados Unidos haya creado una situaci\u00f3n en la que los cat\u00f3licos estadounidenses \u201cse encuentran pol\u00edticamente sin hogar\u201d, ya que ni el Partido Republicano ni el Partido Dem\u00f3crata encapsulan plenamente la amplitud de la ense\u00f1anza cat\u00f3lica.<\/p>\n<p>Defendi\u00f3 el honor a Durbin por su postura a favor de la inmigraci\u00f3n y dijo que la ceremonia de entrega de premios prevista para el 3 de noviembre podr\u00eda haber sido una ocasi\u00f3n para involucrarlo a \u00e9l y a otros l\u00edderes pol\u00edticos con la esperanza de presionar la opini\u00f3n de la iglesia sobre otras cuestiones, incluido el aborto.<\/p>\n<p>\u201cPodr\u00eda ser una invitaci\u00f3n a los cat\u00f3licos que promueven incansablemente la dignidad de los no nacidos, los ancianos y los enfermos a extender el c\u00edrculo de protecci\u00f3n a los inmigrantes que enfrentan en este momento una amenaza existencial para sus vidas y las vidas de sus familias\u201d, escribi\u00f3 Cupich.<\/p>\n<p>La disputa se produjo cuando la administraci\u00f3n del presidente <a href=\"https:\/\/www.elnuevodia.com\/topicos\/donald-trump\/\" target=\"_self\" rel title=\"https:\/\/www.elnuevodia.com\/topicos\/donald-trump\/\">Donald Trump<\/a> mantiene una oleada de control de la inmigraci\u00f3n en el \u00e1rea de Chicago.<\/p>\n<\/div>\n\n    <div class=\"xs_social_share_widget xs_share_url after_content \t\tmain_content  wslu-style-1 wslu-share-box-shaped wslu-fill-colored wslu-none wslu-share-horizontal wslu-theme-font-no wslu-main_content\">\n\n\t\t\n        <ul>\n\t\t\t        <\/ul>\n    <\/div> \n","protected":false},"excerpt":{"rendered":"<p>Roma &#8211; El papa Le\u00f3n XIV intervino por primera vez en una disputa sobre el aborto que sacude a la Iglesia cat\u00f3lica de Estados Unidos, planteando la aparente contradicci\u00f3n sobre lo que realmente significa ser \u201cprovida\u201d. A Le\u00f3n, originario de Chicago, se le pregunt\u00f3 el martes por la noche sobre los planes del cardenal de<\/p>\n","protected":false},"author":2,"featured_media":12585,"comment_status":"open","ping_status":"open","sticky":false,"template":"","format":"standard","meta":{"om_disable_all_campaigns":false,"_monsterinsights_skip_tracking":false,"_monsterinsights_sitenote_active":false,"_monsterinsights_sitenote_note":"","_monsterinsights_sitenote_category":0,"footnotes":""},"categories":[10],"tags":[],"class_list":["post-12588","post","type-post","status-publish","format-standard","has-post-thumbnail","hentry","category-mundo"],"aioseo_notices":[],"_links":{"self":[{"href":"https:\/\/aleeknews.com\/4l33k5\/wp-json\/wp\/v2\/posts\/12588","targetHints":{"allow":["GET"]}}],"collection":[{"href":"https:\/\/aleeknews.com\/4l33k5\/wp-json\/wp\/v2\/posts"}],"about":[{"href":"https:\/\/aleeknews.com\/4l33k5\/wp-json\/wp\/v2\/types\/post"}],"author":[{"embeddable":true,"href":"https:\/\/aleeknews.com\/4l33k5\/wp-json\/wp\/v2\/users\/2"}],"replies":[{"embeddable":true,"href":"https:\/\/aleeknews.com\/4l33k5\/wp-json\/wp\/v2\/comments?post=12588"}],"version-history":[{"count":0,"href":"https:\/\/aleeknews.com\/4l33k5\/wp-json\/wp\/v2\/posts\/12588\/revisions"}],"wp:featuredmedia":[{"embeddable":true,"href":"https:\/\/aleeknews.com\/4l33k5\/wp-json\/wp\/v2\/media\/12585"}],"wp:attachment":[{"href":"https:\/\/aleeknews.com\/4l33k5\/wp-json\/wp\/v2\/media?parent=12588"}],"wp:term":[{"taxonomy":"category","embeddable":true,"href":"https:\/\/aleeknews.com\/4l33k5\/wp-json\/wp\/v2\/categories?post=12588"},{"taxonomy":"post_tag","embeddable":true,"href":"https:\/\/aleeknews.com\/4l33k5\/wp-json\/wp\/v2\/tags?post=12588"}],"curies":[{"name":"wp","href":"https:\/\/api.w.org\/{rel}","templated":true}]}}