{"id":12582,"date":"2025-10-01T17:42:53","date_gmt":"2025-10-01T15:42:53","guid":{"rendered":"https:\/\/aleeknews.com\/4l33k5\/2025\/10\/01\/dinamarca-advierte-que-rusia-esta-librando-una-guerra-hibrida-en-europa\/"},"modified":"2025-10-01T17:42:53","modified_gmt":"2025-10-01T15:42:53","slug":"dinamarca-advierte-que-rusia-esta-librando-una-guerra-hibrida-en-europa","status":"publish","type":"post","link":"https:\/\/aleeknews.com\/4l33k5\/2025\/10\/01\/dinamarca-advierte-que-rusia-esta-librando-una-guerra-hibrida-en-europa\/","title":{"rendered":"Dinamarca advierte que Rusia est\u00e1 librando una guerra h\u00edbrida en Europa"},"content":{"rendered":"<div>\n<p><b>Copenhague<\/b> &#8211; Europa se encuentra en medio de una guerra h\u00edbrida librada por <a href=\"https:\/\/www.elnuevodia.com\/topicos\/rusia\/\" target=\"_self\" rel title=\"https:\/\/www.elnuevodia.com\/topicos\/rusia\/\">Rusia<\/a> y el continente debe armarse, advirti\u00f3 el mi\u00e9rcoles la primera ministra de <a href=\"https:\/\/www.elnuevodia.com\/topicos\/dinamarca\/\" target=\"_self\" rel title=\"https:\/\/www.elnuevodia.com\/topicos\/dinamarca\/\">Dinamarca<\/a>, Mette Frederiksen, como anfitriona de una cumbre de l\u00edderes de la <a href=\"https:\/\/www.elnuevodia.com\/topicos\/union-europea\/\" target=\"_self\" rel title=\"https:\/\/www.elnuevodia.com\/topicos\/union-europea\/\">Uni\u00f3n Europea<\/a> en Copenhague.<\/p>\n<p>\u201cEspero que todos reconozcan ahora que hay una guerra h\u00edbrida y un d\u00eda es Polonia, otro d\u00eda es Dinamarca, y la pr\u00f3xima semana probablemente ser\u00e1 en otro lugar donde veamos sabotajes o drones volando\u201d, dijo Frederiksen a reporteros.<\/p>\n<p>La cumbre del mi\u00e9rcoles se celebr\u00f3 tras una serie de preocupantes incidentes con aviones no tripulados en aeropuertos y bases militares danesas durante la \u00faltima semana. <b>Antes del encuentro, en el aeropuerto de Copenhague se instal\u00f3 un sistema de radar especial para contribuir a la vigilancia. Drones no identificados obligaron a cerrar el aer\u00f3dromo hace una semana, causando importantes interrupciones.<\/b><\/p>\n<p>Francia, Alemania, Holanda, Suecia y Reino Unido tambi\u00e9n enviaron aviones, barcos y sistemas de defensa a\u00e9rea a Dinamarca antes de las conversaciones. Las fuerzas armadas de <a href=\"https:\/\/www.elnuevodia.com\/topicos\/ucrania\/\" target=\"_self\" rel title=\"https:\/\/www.elnuevodia.com\/topicos\/ucrania\/\">Ucrania<\/a> han enviado una misi\u00f3n al pa\u00eds n\u00f3rdico para maniobras conjuntas, compartiendo su experiencia en la lucha contra los drones rusos.<\/p>\n<p>Aunque las autoridades danesas no han identificado a los responsables de los incidentes, Frederiksen manifest\u00f3 que \u201csolo hay un pa\u00eds dispuesto a amenazarnos y es Rusia, y por eso necesitamos una respuesta muy contundente\u201d.<\/p>\n<p>\u201cQuiero que nos rearmemos. Quiero que compremos m\u00e1s medios. Quiero que innovemos m\u00e1s, por ejemplo, en drones\u201d, explic\u00f3. \u201cCuando miro a la Europa actual, creo que estamos en la situaci\u00f3n m\u00e1s dif\u00edcil y peligrosa desde el final de la Segunda Guerra Mundial\u201d.<\/p>\n<p><b>Rusia es el tema central de la cumbre del mi\u00e9rcoles, en la que se espera que las discusiones se centren en c\u00f3mo preparar al continente para defenderse de la agresi\u00f3n rusa para 2030, especialmente a medida que Estados Unidos centra su atenci\u00f3n en cuestiones de seguridad en Asia y en otros lugares.<\/b><\/p>\n<p>Ucrania tambi\u00e9n ocupa un lugar destacado en la agenda, y se espera que su presidente, <a href=\"https:\/\/www.elnuevodia.com\/topicos\/volodymyr-zelensky\/\" target=\"_self\" rel title=\"https:\/\/www.elnuevodia.com\/topicos\/volodymyr-zelensky\/\">Volodymyr Zelensky<\/a>, se dirija a los l\u00edderes del bloque por videoconferencia.<\/p>\n<div>\n<p><b>1 \/ 14 | <\/b><span> Reuni\u00f3n por la paz: as\u00ed llegaron l\u00edderes europeos a la Casa Blanca para buscar soluci\u00f3n a la guerra de Rusia contra Ucrania. Guardia de honor pasa por la prensa internacional antes de la reuni\u00f3n de l\u00edderes europeos con el presidente de Ucrania, Volodimir Zelensky, en la Casa Blanca.<\/span><i> &#8211; ANDREW CABALLERO-REYNOLDS<\/i><\/p>\n<\/div>\n<p>Los mandatarios y los servicios de inteligencia creen que Mosc\u00fa podr\u00eda lanzar un ataque en otro lugar de Europa en un plazo de tres a cinco a\u00f1os, y que su presidente, <a href=\"https:\/\/www.elnuevodia.com\/topicos\/vladimir-putin\/\" target=\"_self\" rel title=\"https:\/\/www.elnuevodia.com\/topicos\/vladimir-putin\/\">Vlad\u00edmir Putin<\/a>, est\u00e1 decidido a poner a prueba a la OTAN mientras surgen dudas sobre el compromiso de su hom\u00f3logo estadounidense, <a href=\"https:\/\/www.elnuevodia.com\/topicos\/donald-trump\/\" target=\"_self\" rel title=\"https:\/\/www.elnuevodia.com\/topicos\/donald-trump\/\">Donald Trump<\/a>, con la alianza.<\/p>\n<p>El 10 de septiembre, cuando varios drones rusos violaron el espacio a\u00e9reo de Polonia, se desplegaron aviones de la <a href=\"https:\/\/www.elnuevodia.com\/topicos\/otan\/\" target=\"_self\" rel title=\"https:\/\/www.elnuevodia.com\/topicos\/otan\/\">OTAN<\/a> para interceptar y derribar algunos de los dispositivos. Fue el primer encuentro directo entre la alianza y Mosc\u00fa desde que Rusia inici\u00f3 su guerra en Ucrania el 24 de febrero de 2022.<\/p>\n<p>El incidente sorprendi\u00f3 a los l\u00edderes de toda Europa, planteando dudas sobre la preparaci\u00f3n de la OTAN para hacer frente a Rusia. D\u00edas despu\u00e9s, aviones de la alianza escoltaron a tres aviones de guerra rusos fuera del espacio a\u00e9reo de Estonia.<\/p>\n<p>Las conversaciones de la UE sobre Ucrania se centrar\u00e1n en la continuidad del apoyo militar y financiero al pa\u00eds devastado por el conflicto, mientras los fondos, armas y municiones que en su d\u00eda proporcionaban Estados Unidos se est\u00e1n agotando.<\/p>\n<p>Se discutir\u00e1 una nueva propuesta para usar activos rusos congelados para ayudar a Kiev, as\u00ed como sus perspectivas de ingresar en el bloque. Trump ha descartado su incorporaci\u00f3n a la OTAN, que ser\u00eda la mejor garant\u00eda de seguridad disponible.<\/p>\n<p>El mi\u00e9rcoles por la noche, el primer ministro de Reino Unido, Keir Starmer, y otros l\u00edderes de todo el continente participar\u00e1n junto a sus hom\u00f3logos de la UE en una cena informal de la Comunidad Pol\u00edtica Europea (EPC). Se espera la participaci\u00f3n de alrededor de 40 jefes de Estado o de gobierno.<\/p>\n<p>La reuni\u00f3n formal se celebrar\u00e1 el jueves, con una agenda centrada en la seguridad, el tr\u00e1fico y la migraci\u00f3n. Los cr\u00edticos afirman que el foro EPC \u2014que junta a socios de la UE, pa\u00edses aspirantes en los Balcanes y Europa del Este, adem\u00e1s de a Reino Unido y Turqu\u00eda\u2014 es un \u201cforo de discusi\u00f3n\u201d pol\u00edtico que arroja pocos resultados tangibles.<\/p>\n<\/div>\n\n    <div class=\"xs_social_share_widget xs_share_url after_content \t\tmain_content  wslu-style-1 wslu-share-box-shaped wslu-fill-colored wslu-none wslu-share-horizontal wslu-theme-font-no wslu-main_content\">\n\n\t\t\n        <ul>\n\t\t\t        <\/ul>\n    <\/div> \n","protected":false},"excerpt":{"rendered":"<p>Copenhague &#8211; Europa se encuentra en medio de una guerra h\u00edbrida librada por Rusia y el continente debe armarse, advirti\u00f3 el mi\u00e9rcoles la primera ministra de Dinamarca, Mette Frederiksen, como anfitriona de una cumbre de l\u00edderes de la Uni\u00f3n Europea en Copenhague. \u201cEspero que todos reconozcan ahora que hay una guerra h\u00edbrida y un d\u00eda<\/p>\n","protected":false},"author":2,"featured_media":12583,"comment_status":"open","ping_status":"open","sticky":false,"template":"","format":"standard","meta":{"om_disable_all_campaigns":false,"_monsterinsights_skip_tracking":false,"_monsterinsights_sitenote_active":false,"_monsterinsights_sitenote_note":"","_monsterinsights_sitenote_category":0,"footnotes":""},"categories":[10],"tags":[],"class_list":["post-12582","post","type-post","status-publish","format-standard","has-post-thumbnail","hentry","category-mundo"],"aioseo_notices":[],"_links":{"self":[{"href":"https:\/\/aleeknews.com\/4l33k5\/wp-json\/wp\/v2\/posts\/12582","targetHints":{"allow":["GET"]}}],"collection":[{"href":"https:\/\/aleeknews.com\/4l33k5\/wp-json\/wp\/v2\/posts"}],"about":[{"href":"https:\/\/aleeknews.com\/4l33k5\/wp-json\/wp\/v2\/types\/post"}],"author":[{"embeddable":true,"href":"https:\/\/aleeknews.com\/4l33k5\/wp-json\/wp\/v2\/users\/2"}],"replies":[{"embeddable":true,"href":"https:\/\/aleeknews.com\/4l33k5\/wp-json\/wp\/v2\/comments?post=12582"}],"version-history":[{"count":0,"href":"https:\/\/aleeknews.com\/4l33k5\/wp-json\/wp\/v2\/posts\/12582\/revisions"}],"wp:featuredmedia":[{"embeddable":true,"href":"https:\/\/aleeknews.com\/4l33k5\/wp-json\/wp\/v2\/media\/12583"}],"wp:attachment":[{"href":"https:\/\/aleeknews.com\/4l33k5\/wp-json\/wp\/v2\/media?parent=12582"}],"wp:term":[{"taxonomy":"category","embeddable":true,"href":"https:\/\/aleeknews.com\/4l33k5\/wp-json\/wp\/v2\/categories?post=12582"},{"taxonomy":"post_tag","embeddable":true,"href":"https:\/\/aleeknews.com\/4l33k5\/wp-json\/wp\/v2\/tags?post=12582"}],"curies":[{"name":"wp","href":"https:\/\/api.w.org\/{rel}","templated":true}]}}