{"id":10554,"date":"2025-09-10T07:43:33","date_gmt":"2025-09-10T05:43:33","guid":{"rendered":"https:\/\/aleeknews.com\/4l33k5\/2025\/09\/10\/wilenie-sepulveda-lanza-su-linea-de-maquillaje-camera-ready\/"},"modified":"2025-09-25T01:28:58","modified_gmt":"2025-09-24T23:28:58","slug":"wilenie-sepulveda-lanza-su-linea-de-maquillaje-camera-ready","status":"publish","type":"post","link":"https:\/\/aleeknews.com\/4l33k5\/2025\/09\/10\/wilenie-sepulveda-lanza-su-linea-de-maquillaje-camera-ready\/","title":{"rendered":"Wilenie Sep\u00falveda lanza su l\u00ednea de maquillaje \u201cCamera Ready\u201d"},"content":{"rendered":"<div>\n<div data-fusion-lazy-id=\"f0fQYcNoHQKSGL\">\n<div class>\n<p><a href=\"https:\/\/thetrustproject.org\/\"><img decoding=\"async\" src=\"https:\/\/www.elnuevodia.com\/pf\/resources\/v2\/icons\/trust-icon.svg?d=207\"><\/a><\/p>\n<div>\n<p>Entrevista<\/p>\n<div>\n<p>Intercambio para ofrecer una perspectiva relevante, que ha sido revisada para mayor claridad, pero no del todo verificada.<\/p>\n<\/div>\n<\/div>\n<\/div>\n<div>\n<h2>Seg\u00fan cont\u00f3 la periodista a El Nuevo D\u00eda, los productos son veganos y libres de crueldad animal <\/h2>\n<div>\n<p>10 de septiembre de 2025 &#8211; 11:10 PM<\/p>\n<\/div>\n<\/div>\n<\/div>\n<div data-fusion-lazy-id=\"f0fIYaQF9GLV14D\">\n<div><picture><source media=\"(max-width: 375px)\" ><source media=\"(max-width: 767px)\" ><source media=\"(max-width: 1023px)\" ><source ><\/picture><figcaption>La periodista no descarta agregar m\u00e1s productos a la colecci\u00f3n pr\u00f3ximamente. <span>(Suministrada)<\/span><\/figcaption><\/div>\n<div>\n<p><img decoding=\"async\" alt=\"Jomar Jos\u00e9 Rivera Cede\u00f1o\" src=\"https:\/\/www.elnuevodia.com\/resizer\/v2\/https%3A%2F%2Fs3.amazonaws.com%2Farc-authors%2Fgfrmedia%2F8cbc33b9-9384-40e7-a8e4-0bc70d0a305d.png?auth=1b67ec9c3f51e67c2a8d3d1499fdabee627c4a6c8989386e69db95adcfbe615a&#038;quality=75&#038;smart=true&#038;width=170&#038;height=147\"><\/p>\n<\/div>\n<div>\n<p>Desde su nacimiento, las c\u00e1maras han sido clave en la vida de la <a href=\"https:\/\/www.instagram.com\/wilenie\/\" target=\"_self\" rel title=\"https:\/\/www.instagram.com\/wilenie\/\"><b>periodista Wilenie Sep\u00falveda<\/b><\/a>. <b>Hoy, la tambi\u00e9n fot\u00f3grafa le rinde homenaje a este popular dispositivo con el lanzamiento de su l\u00ednea de <\/b><a href=\"https:\/\/www.elnuevodia.com\/topicos\/maquillaje\/\" target=\"_self\" rel title=\"https:\/\/www.elnuevodia.com\/topicos\/maquillaje\/\"><b>maquillaje<\/b><\/a><b> \u201cCamera Ready\u201d. <\/b><\/p>\n<\/div>\n<\/div>\n<section>\n<header><span>Popular en la Comunidad<\/span><\/header>\n<\/section>\n<\/div>\n\n    <div class=\"xs_social_share_widget xs_share_url after_content \t\tmain_content  wslu-style-1 wslu-share-box-shaped wslu-fill-colored wslu-none wslu-share-horizontal wslu-theme-font-no wslu-main_content\">\n\n\t\t\n        <ul>\n\t\t\t        <\/ul>\n    <\/div> \n","protected":false},"excerpt":{"rendered":"<p>Entrevista Intercambio para ofrecer una perspectiva relevante, que ha sido revisada para mayor claridad, pero no del todo verificada. Seg\u00fan cont\u00f3 la periodista a El Nuevo D\u00eda, los productos son veganos y libres de crueldad animal 10 de septiembre de 2025 &#8211; 11:10 PM La periodista no descarta agregar m\u00e1s productos a la colecci\u00f3n pr\u00f3ximamente.<\/p>\n","protected":false},"author":2,"featured_media":10555,"comment_status":"open","ping_status":"open","sticky":false,"template":"","format":"standard","meta":{"om_disable_all_campaigns":false,"_monsterinsights_skip_tracking":false,"_monsterinsights_sitenote_active":false,"_monsterinsights_sitenote_note":"","_monsterinsights_sitenote_category":0,"footnotes":""},"categories":[47],"tags":[50],"class_list":["post-10554","post","type-post","status-publish","format-standard","has-post-thumbnail","hentry","category-farandula","tag-farandula"],"aioseo_notices":[],"_links":{"self":[{"href":"https:\/\/aleeknews.com\/4l33k5\/wp-json\/wp\/v2\/posts\/10554","targetHints":{"allow":["GET"]}}],"collection":[{"href":"https:\/\/aleeknews.com\/4l33k5\/wp-json\/wp\/v2\/posts"}],"about":[{"href":"https:\/\/aleeknews.com\/4l33k5\/wp-json\/wp\/v2\/types\/post"}],"author":[{"embeddable":true,"href":"https:\/\/aleeknews.com\/4l33k5\/wp-json\/wp\/v2\/users\/2"}],"replies":[{"embeddable":true,"href":"https:\/\/aleeknews.com\/4l33k5\/wp-json\/wp\/v2\/comments?post=10554"}],"version-history":[{"count":1,"href":"https:\/\/aleeknews.com\/4l33k5\/wp-json\/wp\/v2\/posts\/10554\/revisions"}],"predecessor-version":[{"id":11483,"href":"https:\/\/aleeknews.com\/4l33k5\/wp-json\/wp\/v2\/posts\/10554\/revisions\/11483"}],"wp:featuredmedia":[{"embeddable":true,"href":"https:\/\/aleeknews.com\/4l33k5\/wp-json\/wp\/v2\/media\/10555"}],"wp:attachment":[{"href":"https:\/\/aleeknews.com\/4l33k5\/wp-json\/wp\/v2\/media?parent=10554"}],"wp:term":[{"taxonomy":"category","embeddable":true,"href":"https:\/\/aleeknews.com\/4l33k5\/wp-json\/wp\/v2\/categories?post=10554"},{"taxonomy":"post_tag","embeddable":true,"href":"https:\/\/aleeknews.com\/4l33k5\/wp-json\/wp\/v2\/tags?post=10554"}],"curies":[{"name":"wp","href":"https:\/\/api.w.org\/{rel}","templated":true}]}}